{"id":113190,"date":"2026-01-25T14:35:16","date_gmt":"2026-01-25T14:35:16","guid":{"rendered":"https:\/\/www.europesays.com\/lv\/113190\/"},"modified":"2026-01-25T14:35:16","modified_gmt":"2026-01-25T14:35:16","slug":"valsts-policijas-koledza-rikos-sagatavosanas-kursus-toposajiem-studentiem","status":"publish","type":"post","link":"https:\/\/www.europesays.com\/lv\/113190\/","title":{"rendered":"Valsts policijas koled\u017ea r\u012bkos sagatavo\u0161anas kursus topo\u0161ajiem studentiem"},"content":{"rendered":"<p>Kursi Valsts policijas koled\u017e\u0101 norisin\u0101sies no 7. marta l\u012bdz 23. maijam.<\/p>\n<p>Sagatavo\u0161anas kursi tiek r\u012bkoti, lai iepaz\u012bstin\u0101tu dal\u012bbniekus ar uz\u0146em\u0161anas pras\u012bb\u0101m, pilnveidotu fizisko sagatavot\u012bbu un sniegtu ieskatu studiju proces\u0101. Kursu apmekl\u0113\u0161ana sniedz ar\u012b priek\u0161roc\u012bbu uz\u0146em\u0161anas laik\u0101 &#8211; reflektantiem, kuri veiksm\u012bgi nok\u0101rtos nosl\u0113guma p\u0101rbaud\u012bjumus, vasaras uz\u0146em\u0161an\u0101 neb\u016bs atk\u0101rtoti j\u0101k\u0101rto atsevi\u0161\u0137i iest\u0101jp\u0101rbaud\u012bjumi.<\/p>\n<p>Kursos var piedal\u012bties 12. kla\u0161u audz\u0113k\u0146i un personas ar ieg\u016btu vid\u0113jo izgl\u012bt\u012bbu, kuri ir Latvijas pilso\u0146i un sasniegu\u0161i vismaz 17 gadu vecumu.<\/p>\n<p>Kopum\u0101 paredz\u0113tas se\u0161as nodarb\u012bbu sestdienas, k\u0101 ar\u012b nosl\u0113guma p\u0101rbaud\u012bjumi maij\u0101. Lai sa\u0146emtu apliecin\u0101jumu, nepiecie\u0161ams apmekl\u0113t vismaz \u010detras nodarb\u012bbas un sasniegt noteiktu rezult\u0101tu fizisk\u0101s sagatavot\u012bbas un v\u0113r\u012bguma p\u0101rbaud\u012bjumos. Elektroniskais apliecin\u0101jums b\u016bs der\u012bgs tikai 2026.\/2027. studiju gada vasaras uz\u0146em\u0161anai.<\/p>\n<p>Pieteik\u0161an\u0101s sagatavo\u0161anas kursiem atv\u0113rta l\u012bdz 1. martam.<\/p>\n","protected":false},"excerpt":{"rendered":"Kursi Valsts policijas koled\u017e\u0101 norisin\u0101sies no 7. marta l\u012bdz 23. maijam. Sagatavo\u0161anas kursi tiek r\u012bkoti, lai iepaz\u012bstin\u0101tu dal\u012bbniekus&hellip;\n","protected":false},"author":2,"featured_media":113191,"comment_status":"","ping_status":"","sticky":false,"template":"","format":"standard","meta":{"footnotes":""},"categories":[12],"tags":[23,28,29,32,33,22,336,30,31,35,39,38,36,37,34,40,20,163,26,27,1913,24,25,138,21],"class_list":{"0":"post-113190","1":"post","2":"type-post","3":"status-publish","4":"format-standard","5":"has-post-thumbnail","7":"category-latvija","8":"tag-aktualitates","9":"tag-breaking-news","10":"tag-breakingnews","11":"tag-featured-news","12":"tag-featurednews","13":"tag-headlines","14":"tag-izglitiba","15":"tag-latest-news","16":"tag-latestnews","17":"tag-latvia","18":"tag-latvian","19":"tag-latviesu","20":"tag-latviesu-valoda","21":"tag-latviesuvaloda","22":"tag-latvija","23":"tag-lv","24":"tag-news","25":"tag-policija","26":"tag-popularakas-zinas","27":"tag-popularakaszinas","28":"tag-skolas-un-izglitiba","29":"tag-top-stories","30":"tag-topstories","31":"tag-valsts-policija","32":"tag-zinas"},"share_on_mastodon":{"url":"https:\/\/pubeurope.com\/@lv\/115956241035341080","error":""},"_links":{"self":[{"href":"https:\/\/www.europesays.com\/lv\/wp-json\/wp\/v2\/posts\/113190","targetHints":{"allow":["GET"]}}],"collection":[{"href":"https:\/\/www.europesays.com\/lv\/wp-json\/wp\/v2\/posts"}],"about":[{"href":"https:\/\/www.europesays.com\/lv\/wp-json\/wp\/v2\/types\/post"}],"author":[{"embeddable":true,"href":"https:\/\/www.europesays.com\/lv\/wp-json\/wp\/v2\/users\/2"}],"replies":[{"embeddable":true,"href":"https:\/\/www.europesays.com\/lv\/wp-json\/wp\/v2\/comments?post=113190"}],"version-history":[{"count":0,"href":"https:\/\/www.europesays.com\/lv\/wp-json\/wp\/v2\/posts\/113190\/revisions"}],"wp:featuredmedia":[{"embeddable":true,"href":"https:\/\/www.europesays.com\/lv\/wp-json\/wp\/v2\/media\/113191"}],"wp:attachment":[{"href":"https:\/\/www.europesays.com\/lv\/wp-json\/wp\/v2\/media?parent=113190"}],"wp:term":[{"taxonomy":"category","embeddable":true,"href":"https:\/\/www.europesays.com\/lv\/wp-json\/wp\/v2\/categories?post=113190"},{"taxonomy":"post_tag","embeddable":true,"href":"https:\/\/www.europesays.com\/lv\/wp-json\/wp\/v2\/tags?post=113190"}],"curies":[{"name":"wp","href":"https:\/\/api.w.org\/{rel}","templated":true}]}}