{"id":113219,"date":"2026-01-25T14:58:07","date_gmt":"2026-01-25T14:58:07","guid":{"rendered":"https:\/\/www.europesays.com\/lv\/113219\/"},"modified":"2026-01-25T14:58:07","modified_gmt":"2026-01-25T14:58:07","slug":"zelenskis-vilna-komente-krievijas-agresiju-tas-ir-pasaules-svarigako-valstu-vienaldzibas-sekas-apollo-lv","status":"publish","type":"post","link":"https:\/\/www.europesays.com\/lv\/113219\/","title":{"rendered":"Zelenskis Vi\u013c\u0146\u0101 koment\u0113 Krievijas agresiju: T\u0101s ir pasaules svar\u012bg\u0101ko valstu vienaldz\u012bbas sekas &#8211; Apollo.lv"},"content":{"rendered":"<ol>\n<li><a href=\"https:\/\/news.google.com\/rss\/articles\/CBMiwgFBVV95cUxPRDRpd2xTVHAwc2J1bkJRZGNONVF0STRMWFdDWVRmR2FuVlZaaEt4YVhQZGdkbVQ1ZTVvTVJhU3N2RU1FdUpEZzhqblJXWXp0cE1mdDQ1ZlVyT25oa1hrOGVwU1Nzd3hrd1dQVUpXemtESkhfUGdhaVNDWXk5Y1V2Tk1UVl9YMURNQkRZQmV4NDhIc0VWR1hTZEZRdTRJdHp4WkJpYXlCSTRMdUh5cUlpMlJpQ1JEa3p6d0hrVXEtc0NpZw?oc=5\" target=\"_blank\" rel=\"nofollow noopener\">Zelenskis Vi\u013c\u0146\u0101 koment\u0113 Krievijas agresiju: T\u0101s ir pasaules svar\u012bg\u0101ko valstu vienaldz\u012bbas sekas<\/a>&nbsp;&nbsp;Apollo.lv<\/li>\n<li><a href=\"https:\/\/news.google.com\/rss\/articles\/CBMi2AFBVV95cUxORVdhWkJrM3dYX2J5UzVqSXRrNW14U3dRa2piNjNPSl8ya1ZjZ0lzRE1ZUUNobEVRNjNLZ2Znc0c0aDBWN0I1UTNMZXhvVDBJVk8tZEI1WWI4R0YwOVVSMWJVTVFsanI4R0ZkU1d0YVNhUHNTWXRacEJMM2NRbDI1V3lWX1BXM2JBOHRFYWN0NTZXTWM1UUJRcFN0QzlteV91SENiMXZ1TnVVLWkzMmhfMlQ0dHd3WXdYdnBEdTBSTldfZ2pCdkVLdFZkM09PTXBWWXo4N2pMQXA?oc=5\" target=\"_blank\" rel=\"nofollow noopener\">TEKSTA TIE\u0160RAIDE. Krievijas kar\u0161 Ukrain\u0101: Zelenskis un Krem\u013ca draugs Orb\u0101ns Davos\u0101 apmain\u0101s ar &#8220;laipn\u012bb\u0101m&#8221;<\/a>&nbsp;&nbsp;Jauns.lv<\/li>\n<li><a href=\"https:\/\/news.google.com\/rss\/articles\/CBMi4AFBVV95cUxPV1RRWTBWd3BIeDRKTUgtczlzc1dMbm1jMk5xalFuUHVnQ3dib0xIX0pBR2NNZTQxVWh3OEduS2o2bzl5SDdpTFlQa1hkRlE1dEMwQ2R4aXpZUUpadS1MbXBPSlBPMVpIeUkwaFVCV3ZBRkdkZHU4TTFWdGx2WVc2QUR3YTNfQWN5eEhQM1l3OGJuSDZFS25MU0RxU285X2owTDR0VFl5UFRscjBCQTdFTGYwWHpRYXlUZEpqZXJ4ZldBSVdrMHR5M1V4SUc4V1dTNU9jR09HWTFaWmd1amd0cQ?oc=5\" target=\"_blank\" rel=\"nofollow noopener\">Telefonintervija ar \u0122eopolitikas p\u0113t\u012bjumu centra direktoru, RSU asoci\u0113to profesoru M\u0101ri And\u017e\u0101nu<\/a>&nbsp;&nbsp;REplay.lv<\/li>\n<li><a href=\"https:\/\/news.google.com\/rss\/articles\/CBMitAFBVV95cUxOUlNxTHZpRTFkcGduYldhOWNXYzJ5OUdkWUkydE4xYjZtYnlQUm5raC1HQUkyVkZrWmJrdTV5SkN5ODZRYnIxS0FoUVYzcjRlVUtjTXZiVHAyNElYekkxcTlYZFFWYk9yaDl1cVR6U01WcXZlZDhJWUV1bXliNVJkbk4xcjE5c2hVZ3pLVE1BcXdLYmhRU3NhNjFKempkYnIwRWNTLWZMQklUNDJXejlicEhKNmg?oc=5\" target=\"_blank\" rel=\"nofollow noopener\">Zelenskis Davos\u0101 skarbi izsak\u0101s par Eiropas sabiedroto reakciju uz Krievijas agresiju<\/a>&nbsp;&nbsp;TVNET<\/li>\n<li><a href=\"https:\/\/news.google.com\/rss\/articles\/CBMitAFBVV95cUxQcWZfbjdmLVpvbEVyMDU1RU1NZ2VudlhlczR0YmVLNnNyd2xyS2ZwUk5ZRGY4ajNuWlUzTWdDeTAyUkJINEhhTTJHOERiaENSbi15OUczMERpTjZtR21WMTZIdjV2aFJ2UEZkVmJfWVY5ZmdDbnU1RHB1MzFaRTlCVldZWUs2NU9yb0ZYN3hTTklrdl9KczJiczFiR3BQTzN2ZnUtejliUW9Ic0R0OGdqSWZIYkk?oc=5\" target=\"_blank\" rel=\"nofollow noopener\">Zelenskis met \u201cpaties\u012bbas bumbas\u201d uz sabiedrotajiem Eirop\u0101: \u201cPrezidents Tramps \u0161\u0101du Eiropu neklaus\u012bs\u201d<\/a>&nbsp;&nbsp;LA.LV<\/li>\n<\/ol>\n","protected":false},"excerpt":{"rendered":"Zelenskis Vi\u013c\u0146\u0101 koment\u0113 Krievijas agresiju: T\u0101s ir pasaules svar\u012bg\u0101ko valstu vienaldz\u012bbas sekas&nbsp;&nbsp;Apollo.lv TEKSTA TIE\u0160RAIDE. Krievijas kar\u0161 Ukrain\u0101: Zelenskis&hellip;\n","protected":false},"author":2,"featured_media":113220,"comment_status":"","ping_status":"","sticky":false,"template":"","format":"standard","meta":{"footnotes":""},"categories":[14],"tags":[23,57,2416,28,29,32,33,2129,22,234,74,30,31,35,39,38,36,37,34,40,20,26,27,24,25,276,178,54,55,56,21,58],"class_list":{"0":"post-113219","1":"post","2":"type-post","3":"status-publish","4":"format-standard","5":"has-post-thumbnail","7":"category-zinas-no-arvalstim","8":"tag-aktualitates","9":"tag-arvalstim","10":"tag-baltkrievija","11":"tag-breaking-news","12":"tag-breakingnews","13":"tag-featured-news","14":"tag-featurednews","15":"tag-gitans-nauseda","16":"tag-headlines","17":"tag-krievija","18":"tag-krievijas-iebrukums-ukraina","19":"tag-latest-news","20":"tag-latestnews","21":"tag-latvia","22":"tag-latvian","23":"tag-latviesu","24":"tag-latviesu-valoda","25":"tag-latviesuvaloda","26":"tag-latvija","27":"tag-lv","28":"tag-news","29":"tag-popularakas-zinas","30":"tag-popularakaszinas","31":"tag-top-stories","32":"tag-topstories","33":"tag-ukraina","34":"tag-volodimirs-zelenskis","35":"tag-world","36":"tag-world-news","37":"tag-worldnews","38":"tag-zinas","39":"tag-zinas-no-arvalstim"},"share_on_mastodon":{"url":"","error":"Validation failed: Text character limit of 500 exceeded"},"_links":{"self":[{"href":"https:\/\/www.europesays.com\/lv\/wp-json\/wp\/v2\/posts\/113219","targetHints":{"allow":["GET"]}}],"collection":[{"href":"https:\/\/www.europesays.com\/lv\/wp-json\/wp\/v2\/posts"}],"about":[{"href":"https:\/\/www.europesays.com\/lv\/wp-json\/wp\/v2\/types\/post"}],"author":[{"embeddable":true,"href":"https:\/\/www.europesays.com\/lv\/wp-json\/wp\/v2\/users\/2"}],"replies":[{"embeddable":true,"href":"https:\/\/www.europesays.com\/lv\/wp-json\/wp\/v2\/comments?post=113219"}],"version-history":[{"count":0,"href":"https:\/\/www.europesays.com\/lv\/wp-json\/wp\/v2\/posts\/113219\/revisions"}],"wp:featuredmedia":[{"embeddable":true,"href":"https:\/\/www.europesays.com\/lv\/wp-json\/wp\/v2\/media\/113220"}],"wp:attachment":[{"href":"https:\/\/www.europesays.com\/lv\/wp-json\/wp\/v2\/media?parent=113219"}],"wp:term":[{"taxonomy":"category","embeddable":true,"href":"https:\/\/www.europesays.com\/lv\/wp-json\/wp\/v2\/categories?post=113219"},{"taxonomy":"post_tag","embeddable":true,"href":"https:\/\/www.europesays.com\/lv\/wp-json\/wp\/v2\/tags?post=113219"}],"curies":[{"name":"wp","href":"https:\/\/api.w.org\/{rel}","templated":true}]}}