{"id":11324,"date":"2025-10-03T10:00:06","date_gmt":"2025-10-03T10:00:06","guid":{"rendered":"https:\/\/www.europesays.com\/lv\/11324\/"},"modified":"2025-10-03T10:00:06","modified_gmt":"2025-10-03T10:00:06","slug":"krievijas-hibridkara-draudi-ir-tikai-sakums-nepieciesama-nato-un-es-vienota-atbilde-lente-lv","status":"publish","type":"post","link":"https:\/\/www.europesays.com\/lv\/11324\/","title":{"rendered":"Krievijas hibr\u012bdkara draudi ir tikai s\u0101kums, nepiecie\u0161ama NATO un ES vienota atbilde\u00a0\u2014\u00a0Lente.lv"},"content":{"rendered":"<p>D\u0101nijas premjerministres br\u012bdin\u0101jums: Krievijas hibr\u012bdkara draudi ir tikai s\u0101kums<\/p>\n<p>D\u0101nijas premjerministre Mette Frederiksen ir izteikusi stingru br\u012bdin\u0101jumu, ka NATO un Eiropas Savien\u012bbai ir j\u0101pastiprina sava atbilde uz Krievijas hibr\u012bdkara draudiem. Vi\u0146a uzsver, ka \u0161ie uzbrukumi, kas v\u0113rsti uz sabiedr\u012bbas sa\u0161\u0137el\u0161anu un destabiliz\u0101ciju, ir tikai s\u0101kums pla\u0161\u0101kam Krievijas agresijas pl\u0101nam. \u0160ie satrauco\u0161ie apgalvojumi izskan\u0113ju\u0161i kontekst\u0101 ar pieaugo\u0161o \u0123eopolitisko spriedzi un nepiecie\u0161am\u012bbu stiprin\u0101t nacion\u0101lo dro\u0161\u012bbu.<\/p>\n<p>Hibr\u012bdkara daudzveid\u012bg\u0101s sejas<\/p>\n<p>Frederiksenas kundze nor\u0101da, ka Krievijas hibr\u012bdkara taktika nav aprobe\u017eojas tikai ar milit\u0101ru sp\u0113ku demonstr\u0113\u0161anu. T\u0101 ietver pla\u0161u kl\u0101stu manipul\u0101ciju un ietekm\u0113\u0161anas pas\u0101kumu, kas v\u0113rsti uz m\u016bsu demokr\u0101tisko sabiedr\u012bbu v\u0101jin\u0101\u0161anu. \u0160\u012bs metodes ietver dezinform\u0101cijas kampa\u0146as, kas izplata nepatiesu inform\u0101ciju soci\u0101lajos medijos un citos kan\u0101los, lai rad\u012btu sajukumu un neuztic\u012bbu. T\u0101pat tiek izmantota kibernoziedz\u012bba, kas v\u0113rsta uz kritisk\u0101s infrastrukt\u016bras trauc\u0113\u0161anu un sensit\u012bvu datu z\u0101dz\u012bbu. Papildus tam, Krievija cen\u0161as izmantot ekonomisko spiedienu un ener\u0123\u0113tikas atkar\u012bbu k\u0101 ieroci, lai rad\u012btu politisku nestabilit\u0101ti. \u0160ie uzbrukumi ir m\u0113r\u0137tiec\u012bgi un rad\u012bti, lai sa\u0161\u0137eltu Rietumu vienot\u012bbu un grautu uztic\u012bbu instit\u016bcij\u0101m.<\/p>\n<p>Ne tikai milit\u0101rais bud\u017eets<\/p>\n<p>Premjerministre uzsver, ka vienk\u0101r\u0161a aizsardz\u012bbas bud\u017eeta palielin\u0101\u0161ana pati par sevi nesp\u0113s m\u016bs pasarg\u0101t no \u0161iem jaunajiem draudiem. Lai gan ir svar\u012bgi nodro\u0161in\u0101t pietiekamu finans\u0113jumu bru\u0146otajiem sp\u0113kiem un moderniz\u0113t aizsardz\u012bbas sp\u0113jas, tas nav pietiekami. Nepiecie\u0161ama ir daudz pla\u0161\u0101ka un strat\u0113\u0123isk\u0101ka pieeja, kas ietver sabiedr\u012bbas notur\u012bbas stiprin\u0101\u0161anu pret dezinform\u0101ciju un manipul\u0101ciju. Tas noz\u012bm\u0113 ieguld\u012bjumus izgl\u012bt\u012bb\u0101, mediju prat\u012bb\u0101 un sp\u0113ju att\u012bst\u012b\u0161an\u0101 at\u0161\u0137irt paties\u012bbu no meliem. Frederiksenas kundze nor\u0101da, ka mums ir j\u0101b\u016bt gataviem rea\u0123\u0113t uz \u0161iem draudiem, kas n\u0101k no negaid\u012btiem virzieniem, un j\u0101att\u012bsta jaunas aizsardz\u012bbas strat\u0113\u0123ijas, kas sp\u0113j tikt gal\u0101 ar hibr\u012bdkara izaicin\u0101jumiem. Vienk\u0101r\u0161i piepild\u012bt milit\u0101r\u0101s vajadz\u012bbas ar finans\u0113jumu ir tikai da\u013ca no probl\u0113mas risin\u0101juma; mums ir nepiecie\u0161ams ar\u012b sp\u0113c\u012bgs ment\u0101lais un informat\u012bvais aizsardz\u012bbas vairogs.<\/p>\n<p>NATO un ES kop\u012bg\u0101 atbilde<\/p>\n<p>Frederiksenas kundze aicina NATO un Eiropas Savien\u012bbu cie\u0161\u0101k sadarboties, lai izstr\u0101d\u0101tu efekt\u012bvu strat\u0113\u0123iju pret Krievijas hibr\u012bdkara taktik\u0101m. T\u0101 k\u0101 \u0161ie draudi ir p\u0101rrobe\u017eu raksturs, nepiecie\u0161ama ir koordin\u0113ta r\u012bc\u012bba un inform\u0101cijas apmai\u0146a starp dal\u012bbvalst\u012bm. Tas ietver kop\u012bgu izl\u016bko\u0161anas datu anal\u012bzi, kop\u012bgu kiberdro\u0161\u012bbas pas\u0101kumu izstr\u0101di un dal\u012b\u0161anos lab\u0101kaj\u0101 praks\u0113, lai c\u012bn\u012btos pret dezinform\u0101ciju. Vi\u0146a uzsver, ka stipra un vienota Eiropa ir lab\u0101kais pretArguments Krievijas agresijai. \u0160\u0101da sadarb\u012bba stiprin\u0101s m\u016bsu sp\u0113ju st\u0101ties pret\u012b nepiln\u012bb\u0101m un saglab\u0101t m\u016bsu kop\u012bg\u0101s v\u0113rt\u012bbas un dro\u0161\u012bbu. Neviens atsevi\u0161\u0137s valsts nevar efekt\u012bvi c\u012bn\u012bties pret \u0161o pla\u0161o un sare\u017e\u0123\u012bto draudu kl\u0101stu; ir nepiecie\u0161ama kolekt\u012bva griba un darb\u012bba.<\/p>\n<p>N\u0101kotnes izaicin\u0101jumi un nepiecie\u0161am\u0101s p\u0101rmai\u0146as<\/p>\n<p>\u0160is br\u012bdin\u0101jums no D\u0101nijas premjerministres ir ne tikai sign\u0101ls par pieaugo\u0161ajiem dro\u0161\u012bbas izaicin\u0101jumiem, bet ar\u012b aicin\u0101jums p\u0101rdom\u0101t m\u016bsu pa\u0161reiz\u0113j\u0101s dro\u0161\u012bbas strat\u0113\u0123ijas. Pasaule ir main\u012bjusies, un draudi, ar kuriem m\u0113s saskaramies, ir k\u013cuvu\u0161i daudzveid\u012bg\u0101ki un sare\u017e\u0123\u012bt\u0101ki. Mums ir j\u0101b\u016bt gataviem piel\u0101goties un att\u012bst\u012bt jaunus veidus, k\u0101 aizsarg\u0101t m\u016bsu sabiedr\u012bbas. \u0160is process ietver ne tikai politisko un milit\u0101ro sf\u0113ru, bet ar\u012b izgl\u012bt\u012bbas sist\u0113mu, mediju un pilsonisk\u0101s sabiedr\u012bbas iesaist\u012b\u0161anu. Tikai ar kop\u012bgiem sp\u0113kiem un inovat\u012bvu pieeju m\u0113s varam cer\u0113t veiksm\u012bgi st\u0101ties pret\u012b Krievijas hibr\u012bdkara draudiem un nodro\u0161in\u0101t dro\u0161u n\u0101kotni m\u016bsu valst\u012bm.<\/p>\n","protected":false},"excerpt":{"rendered":"D\u0101nijas premjerministres br\u012bdin\u0101jums: Krievijas hibr\u012bdkara draudi ir tikai s\u0101kums D\u0101nijas premjerministre Mette Frederiksen ir izteikusi stingru br\u012bdin\u0101jumu, ka&hellip;\n","protected":false},"author":2,"featured_media":11325,"comment_status":"","ping_status":"","sticky":false,"template":"","format":"standard","meta":{"footnotes":""},"categories":[14],"tags":[23,57,28,29,2760,514,32,33,22,1571,3550,30,31,35,39,38,36,37,34,40,71,20,26,27,24,25,54,55,56,21,58],"class_list":{"0":"post-11324","1":"post","2":"type-post","3":"status-publish","4":"format-standard","5":"has-post-thumbnail","7":"category-zinas-no-arvalstim","8":"tag-aktualitates","9":"tag-arvalstim","10":"tag-breaking-news","11":"tag-breakingnews","12":"tag-drosibas-politika","13":"tag-eiropas-savieniba","14":"tag-featured-news","15":"tag-featurednews","16":"tag-headlines","17":"tag-hibridkars","18":"tag-krievijas-draudi","19":"tag-latest-news","20":"tag-latestnews","21":"tag-latvia","22":"tag-latvian","23":"tag-latviesu","24":"tag-latviesu-valoda","25":"tag-latviesuvaloda","26":"tag-latvija","27":"tag-lv","28":"tag-nato","29":"tag-news","30":"tag-popularakas-zinas","31":"tag-popularakaszinas","32":"tag-top-stories","33":"tag-topstories","34":"tag-world","35":"tag-world-news","36":"tag-worldnews","37":"tag-zinas","38":"tag-zinas-no-arvalstim"},"share_on_mastodon":{"url":"","error":""},"_links":{"self":[{"href":"https:\/\/www.europesays.com\/lv\/wp-json\/wp\/v2\/posts\/11324","targetHints":{"allow":["GET"]}}],"collection":[{"href":"https:\/\/www.europesays.com\/lv\/wp-json\/wp\/v2\/posts"}],"about":[{"href":"https:\/\/www.europesays.com\/lv\/wp-json\/wp\/v2\/types\/post"}],"author":[{"embeddable":true,"href":"https:\/\/www.europesays.com\/lv\/wp-json\/wp\/v2\/users\/2"}],"replies":[{"embeddable":true,"href":"https:\/\/www.europesays.com\/lv\/wp-json\/wp\/v2\/comments?post=11324"}],"version-history":[{"count":0,"href":"https:\/\/www.europesays.com\/lv\/wp-json\/wp\/v2\/posts\/11324\/revisions"}],"wp:featuredmedia":[{"embeddable":true,"href":"https:\/\/www.europesays.com\/lv\/wp-json\/wp\/v2\/media\/11325"}],"wp:attachment":[{"href":"https:\/\/www.europesays.com\/lv\/wp-json\/wp\/v2\/media?parent=11324"}],"wp:term":[{"taxonomy":"category","embeddable":true,"href":"https:\/\/www.europesays.com\/lv\/wp-json\/wp\/v2\/categories?post=11324"},{"taxonomy":"post_tag","embeddable":true,"href":"https:\/\/www.europesays.com\/lv\/wp-json\/wp\/v2\/tags?post=11324"}],"curies":[{"name":"wp","href":"https:\/\/api.w.org\/{rel}","templated":true}]}}