{"id":113268,"date":"2026-01-25T15:39:08","date_gmt":"2026-01-25T15:39:08","guid":{"rendered":"https:\/\/www.europesays.com\/lv\/113268\/"},"modified":"2026-01-25T15:39:08","modified_gmt":"2026-01-25T15:39:08","slug":"latvijas-ekscempions-klust-par-jaunako-wrc-montekarlo-rallija-uzvaretaju","status":"publish","type":"post","link":"https:\/\/www.europesays.com\/lv\/113268\/","title":{"rendered":"Latvijas eks\u010dempions k\u013c\u016bst par jaun\u0101ko WRC Montekarlo rallija uzvar\u0113t\u0101ju"},"content":{"rendered":"<p>Sezonas pirmaj\u0101 posm\u0101 24 gadus vecais S\u016blbergs (&#8220;Toyota Gazoo&#8221;), kur\u0161 ir ar\u012b biju\u0161ais Latvijas \u010dempions, aizvad\u012bja p\u0101rliecino\u0161u ralliju. Sacens\u012bbu nosl\u0113gum\u0101 vi\u0146\u0161 par 51,8 sekund\u0113m p\u0101rsp\u0113ja savu komandas biedru britu Elfinu Evansu, bet vair\u0101k nek\u0101 divas min\u016btes atpalika v\u0113l viens &#8220;Toyota&#8221; pilots, franc\u016bzis Sebastj\u0113ns O\u017ej\u0113.<\/p>\n<p>&#8220;\u0160is bija mans gr\u016bt\u0101kais <a href=\"https:\/\/www.apollo.lv\/term\/560455\/rallijs\" class=\"topicLink\" target=\"_blank\" rel=\"nofollow noopener\">rallijs<\/a> karjer\u0101. Pirmais uz asfalta ar \u0161\u0101du ma\u0161\u012bnu,&#8221; teica S\u016blbergs.<\/p>\n<p>2026. gada sezon\u0101 <a href=\"https:\/\/www.apollo.lv\/term\/10078\/wrc\" class=\"topicLink\" target=\"_blank\" rel=\"nofollow noopener\">WRC<\/a> kalend\u0101r\u0101 paredz\u0113ti 14 posmi. Latvijas pilots M\u0101rti\u0146\u0161 Sesks aizvad\u012bs nepilnu sezonu, kuru s\u0101ks n\u0101kamaj\u0101 posm\u0101 Zviedrij\u0101.<\/p>\n<p>Pag\u0101ju\u0161aj\u0101 sezon\u0101 dev\u012bto reizi par pasaules \u010dempionu k\u013cuva franc\u016bzis Sebastj\u0113ns O\u017ej\u0113.<\/p>\n","protected":false},"excerpt":{"rendered":"Sezonas pirmaj\u0101 posm\u0101 24 gadus vecais S\u016blbergs (&#8220;Toyota Gazoo&#8221;), kur\u0161 ir ar\u012b biju\u0161ais Latvijas \u010dempions, aizvad\u012bja p\u0101rliecino\u0161u ralliju.&hellip;\n","protected":false},"author":2,"featured_media":113269,"comment_status":"","ping_status":"","sticky":false,"template":"","format":"standard","meta":{"footnotes":""},"categories":[17],"tags":[35,39,38,36,37,34,40,281,67,5675],"class_list":{"0":"post-113268","1":"post","2":"type-post","3":"status-publish","4":"format-standard","5":"has-post-thumbnail","7":"category-sports","8":"tag-latvia","9":"tag-latvian","10":"tag-latviesu","11":"tag-latviesu-valoda","12":"tag-latviesuvaloda","13":"tag-latvija","14":"tag-lv","15":"tag-rallijs","16":"tag-sports","17":"tag-wrc"},"share_on_mastodon":{"url":"https:\/\/pubeurope.com\/@lv\/115956492723317545","error":""},"_links":{"self":[{"href":"https:\/\/www.europesays.com\/lv\/wp-json\/wp\/v2\/posts\/113268","targetHints":{"allow":["GET"]}}],"collection":[{"href":"https:\/\/www.europesays.com\/lv\/wp-json\/wp\/v2\/posts"}],"about":[{"href":"https:\/\/www.europesays.com\/lv\/wp-json\/wp\/v2\/types\/post"}],"author":[{"embeddable":true,"href":"https:\/\/www.europesays.com\/lv\/wp-json\/wp\/v2\/users\/2"}],"replies":[{"embeddable":true,"href":"https:\/\/www.europesays.com\/lv\/wp-json\/wp\/v2\/comments?post=113268"}],"version-history":[{"count":0,"href":"https:\/\/www.europesays.com\/lv\/wp-json\/wp\/v2\/posts\/113268\/revisions"}],"wp:featuredmedia":[{"embeddable":true,"href":"https:\/\/www.europesays.com\/lv\/wp-json\/wp\/v2\/media\/113269"}],"wp:attachment":[{"href":"https:\/\/www.europesays.com\/lv\/wp-json\/wp\/v2\/media?parent=113268"}],"wp:term":[{"taxonomy":"category","embeddable":true,"href":"https:\/\/www.europesays.com\/lv\/wp-json\/wp\/v2\/categories?post=113268"},{"taxonomy":"post_tag","embeddable":true,"href":"https:\/\/www.europesays.com\/lv\/wp-json\/wp\/v2\/tags?post=113268"}],"curies":[{"name":"wp","href":"https:\/\/api.w.org\/{rel}","templated":true}]}}