{"id":113276,"date":"2026-01-25T15:45:09","date_gmt":"2026-01-25T15:45:09","guid":{"rendered":"https:\/\/www.europesays.com\/lv\/113276\/"},"modified":"2026-01-25T15:45:09","modified_gmt":"2026-01-25T15:45:09","slug":"nnd-rjtc-pedeja-perioda-atrod-celu-uz-saltes-vartiem-florbols-sportacentrs-com","status":"publish","type":"post","link":"https:\/\/www.europesays.com\/lv\/113276\/","title":{"rendered":"NND\/RJTC p\u0113d\u0113j\u0101 period\u0101 atrod ce\u013cu uz \u0160altes v\u0101rtiem \u2013 Florbols \u2013 Sportacentrs.com"},"content":{"rendered":"<p>Da\u017e\u0101dus uzdevumus regul\u0101r\u0101s sezonas p\u0113d\u0113j\u0101 tre\u0161da\u013c\u0101 risin\u0101s NND\/RJTC un FK \u201c\u0136ekava\/Latvijas Mediji\u201d. Galvaspils\u0113tas komanda joproj\u0101m \u013coti re\u0101li c\u012bn\u0101s par pirmo poz\u012bciju turn\u012bra tabul\u0101, kam\u0113r \u0136ekavas komanda nevar b\u016bt dro\u0161a par tik\u0161anu izsl\u0113g\u0161anas turn\u012br\u0101 apvienotaj\u0101 Latvijas-Igaunijas l\u012bg\u0101, bet Latvijas \u010dempion\u0101t\u0101 vi\u0146\u0101m j\u0101sarg\u0101 tre\u0161\u0101 poz\u012bcija divc\u012b\u0146\u0101 ar C\u0113su \u201cLekringu\u201d. Sp\u0113l\u0113s pret NND\/RJTC komandu \u0136ekavas komandai \u0161osezon biju\u0161as lielas probl\u0113mas ar v\u0101rtu g\u016b\u0161anu, jo izbraukuma sp\u0113l\u0113 tika zaud\u0113ts ar 1:5, bet sav\u0101s m\u0101j\u0101s, lai ar\u012b Elza \u0160alte ielaida tikai divus v\u0101rtus, ar\u012b ar to izr\u0101d\u012bj\u0101s par maz, jo komanda c\u012b\u0146u zaud\u0113ja ar 1:2.<\/p>\n<p>M\u0101jinieces sp\u0113lei bija pieteiku\u0161as vien 12 sp\u0113l\u0113t\u0101jas, ta\u010du tas netrauc\u0113ja vi\u0146\u0101m pirmaj\u0101 period\u0101 kontrol\u0113t notikumu gaitu laukum\u0101. Tiesa, ne rezult\u0101ta zi\u0146\u0101, jo lieliska vie\u0161\u0146u v\u0101rtos bija Elza \u0160alte, tverot vienu bumbi\u0146u p\u0113c otras. B\u016btiski nekas nemain\u012bj\u0101s ar\u012b sp\u0113les otraj\u0101 period\u0101, ja neskaita, ka \u201cR\u012bgas Lauvas\u201d audz\u0113kne Patr\u012bcija Kubuli\u0146a c\u012b\u0146as 38.min\u016bt\u0113 atz\u012bm\u0113j\u0101s ar v\u0101rtu guvumu, vad\u012bb\u0101 izvirzot \u0136ekavas komandu.<\/p>\n<p>T\u0101d\u0113j\u0101di \u0136ekavas komanda \u0161\u012bs sezonas normu pret galvaspils\u0113tas komandu bija sasniegusi, turpretim NND\/RJTC komandai l\u012bdz pirmajam v\u0101rtu guvumam n\u0101c\u0101s gaid\u012bt vair\u0101k nek\u0101 42 c\u012b\u0146as min\u016btes, kad ar rezultat\u012bvu metienu izc\u0113l\u0101s somu le\u0123ion\u0101re Anni P\u016brmalainena. V\u0113l p\u0113c trim min\u016bt\u0113m El\u012bna D\u012bce vad\u012bbu jau deva laukuma saimniec\u0113m, bet 53. sp\u0113les min\u016bt\u0113 ar 23 sekun\u017eu interv\u0101lu izc\u0113l\u0101s D\u0101rta Derupa un Loreta Nemiro, praktiski iz\u0161\u0137irot c\u012b\u0146as likteni. Izlases florboliste Annija D\u0101rta Dankfelde gan vienus v\u0101rtus atsp\u0113l\u0113ja, ta\u010du ar prec\u012bzu metienu atz\u012bm\u0113j\u0101s ar\u012b vi\u0146as komandas biedrene valstsvien\u012bb\u0101 Klinta M\u0101rti\u0146j\u0113kaba, t\u0101d\u0113j\u0101di \u013caujot NND\/RJTC komandai tikt pie vajadz\u012bg\u0101s uzvaras ar rezult\u0101tu 5:2, turn\u012bra tabul\u0101 iek\u0101rtojoties pirmaj\u0101 poz\u012bcij\u0101.<\/p>\n<p>Latvijas-Igaunijas apvienot\u0101 sievie\u0161u florbola l\u012bga, 25. janv\u0101ris<\/p>\n<p>NND\/RJTC \u2013 \u201cFK \u0136ekava\/Latvijas Mediji\u201d 5:2 (0:0; 0:1; 5:1)<br \/>Rezultat\u012bv\u0101k\u0101s NND\/RJTC komand\u0101: Loreta Nemiro 2 (1+1), Klinta M\u0101rti\u0146j\u0113kaba 2 (1+1), El\u012bna D\u012bce 2 (1+1)<br \/>Rezultat\u012bv\u0101k\u0101s \u201cFK \u0136ekava\/Latvijas Mediji\u201d komand\u0101: Patr\u012bcija Kubuli\u0146a 1 (1+0), Annija D\u0101rta Dankfelde 1 (1+0), Samanta B\u0113rzi\u0146a 1 (0+1)<\/p>\n<p>Turn\u012bra tabula<\/p>\n<tr>VietaKomandaSp\u0113lesV\u0101rtiPunkti<\/tr>\n<tr class=\"even\">\n<td>1.<\/td>\n<td>NND\/RJTC<\/td>\n<td class=\"ralign\">12<\/td>\n<td class=\"ralign\">60:32<\/td>\n<td class=\"ralign\">30<\/td>\n<\/tr>\n<tr class=\"odd\">\n<td>2.<\/td>\n<td>Rubene<\/td>\n<td class=\"ralign\">13<\/td>\n<td class=\"ralign\">90:37<\/td>\n<td class=\"ralign\">30<\/td>\n<\/tr>\n<tr class=\"even\">\n<td>3.<\/td>\n<td>Sparta Tallinn<\/td>\n<td class=\"ralign\">12<\/td>\n<td class=\"ralign\">99:54<\/td>\n<td class=\"ralign\">29<\/td>\n<\/tr>\n<tr class=\"odd\">\n<td>4.<\/td>\n<td>EMU SK<\/td>\n<td class=\"ralign\">11<\/td>\n<td class=\"ralign\">45:51<\/td>\n<td class=\"ralign\">15<\/td>\n<\/tr>\n<tr class=\"even\">\n<td>5.<\/td>\n<td>FK \u0136ekava\/Latvijas Mediji<\/td>\n<td class=\"ralign\">13<\/td>\n<td class=\"ralign\">46:77<\/td>\n<td class=\"ralign\">13<\/td>\n<\/tr>\n<tr class=\"odd\">\n<td>6.<\/td>\n<td>Lekrings<\/td>\n<td class=\"ralign\">13<\/td>\n<td class=\"ralign\">63:103<\/td>\n<td class=\"ralign\">9<\/td>\n<\/tr>\n<tr class=\"even\">\n<td>7.<\/td>\n<td>R\u012bgas Lauvas<\/td>\n<td class=\"ralign\">10<\/td>\n<td class=\"ralign\">21:70<\/td>\n<td class=\"ralign\">0<\/td>\n<\/tr>\n","protected":false},"excerpt":{"rendered":"Da\u017e\u0101dus uzdevumus regul\u0101r\u0101s sezonas p\u0113d\u0113j\u0101 tre\u0161da\u013c\u0101 risin\u0101s NND\/RJTC un FK \u201c\u0136ekava\/Latvijas Mediji\u201d. Galvaspils\u0113tas komanda joproj\u0101m \u013coti re\u0101li c\u012bn\u0101s&hellip;\n","protected":false},"author":2,"featured_media":113277,"comment_status":"","ping_status":"","sticky":false,"template":"","format":"standard","meta":{"footnotes":""},"categories":[17],"tags":[283,35,39,38,36,37,34,40,67],"class_list":{"0":"post-113276","1":"post","2":"type-post","3":"status-publish","4":"format-standard","5":"has-post-thumbnail","7":"category-sports","8":"tag-florbols","9":"tag-latvia","10":"tag-latvian","11":"tag-latviesu","12":"tag-latviesu-valoda","13":"tag-latviesuvaloda","14":"tag-latvija","15":"tag-lv","16":"tag-sports"},"share_on_mastodon":{"url":"https:\/\/pubeurope.com\/@lv\/115956516278442676","error":""},"_links":{"self":[{"href":"https:\/\/www.europesays.com\/lv\/wp-json\/wp\/v2\/posts\/113276","targetHints":{"allow":["GET"]}}],"collection":[{"href":"https:\/\/www.europesays.com\/lv\/wp-json\/wp\/v2\/posts"}],"about":[{"href":"https:\/\/www.europesays.com\/lv\/wp-json\/wp\/v2\/types\/post"}],"author":[{"embeddable":true,"href":"https:\/\/www.europesays.com\/lv\/wp-json\/wp\/v2\/users\/2"}],"replies":[{"embeddable":true,"href":"https:\/\/www.europesays.com\/lv\/wp-json\/wp\/v2\/comments?post=113276"}],"version-history":[{"count":0,"href":"https:\/\/www.europesays.com\/lv\/wp-json\/wp\/v2\/posts\/113276\/revisions"}],"wp:featuredmedia":[{"embeddable":true,"href":"https:\/\/www.europesays.com\/lv\/wp-json\/wp\/v2\/media\/113277"}],"wp:attachment":[{"href":"https:\/\/www.europesays.com\/lv\/wp-json\/wp\/v2\/media?parent=113276"}],"wp:term":[{"taxonomy":"category","embeddable":true,"href":"https:\/\/www.europesays.com\/lv\/wp-json\/wp\/v2\/categories?post=113276"},{"taxonomy":"post_tag","embeddable":true,"href":"https:\/\/www.europesays.com\/lv\/wp-json\/wp\/v2\/tags?post=113276"}],"curies":[{"name":"wp","href":"https:\/\/api.w.org\/{rel}","templated":true}]}}