{"id":1133,"date":"2025-09-21T21:15:07","date_gmt":"2025-09-21T21:15:07","guid":{"rendered":"https:\/\/www.europesays.com\/lv\/1133\/"},"modified":"2025-09-21T21:15:07","modified_gmt":"2025-09-21T21:15:07","slug":"kas-patiesiba-notika-sova-saimniece-mekle-viru-aizkulises","status":"publish","type":"post","link":"https:\/\/www.europesays.com\/lv\/1133\/","title":{"rendered":"kas paties\u012bb\u0101 notika \u0161ova &#8220;Saimniece mekl\u0113 v\u012bru&#8221; aizkulis\u0113s?"},"content":{"rendered":"<p>Pamat\u012bga epopeja uzvirmojusi p\u0113c \u0161ova &#8220;Saimniece mekl\u0113 sievu&#8221; epizodes, kur\u0101 Beatrise k\u0101 pirmos m\u0101j\u0101s aizraid\u012bja Raiti un Raivi Raivo. Raitis, kur\u0161 bija viens no spilgt\u0101kajiem pretendentiem uz jaun\u0101s saimnieces sirdi, soci\u0101lajos t\u012bklos s\u0101cis dal\u012bties ar\u00a0\u0161ova aizkulis\u0113m un atkl\u0101j savu neapmierin\u0101t\u012bbu par Beatrises &#8220;patieso seju&#8221; par ko\u00a0izskat\u012bg\u0101 d\u0101ma atbildi par\u0101d\u0101 nav palikusi.\u00a0<\/p>\n","protected":false},"excerpt":{"rendered":"Pamat\u012bga epopeja uzvirmojusi p\u0113c \u0161ova &#8220;Saimniece mekl\u0113 sievu&#8221; epizodes, kur\u0101 Beatrise k\u0101 pirmos m\u0101j\u0101s aizraid\u012bja Raiti un Raivi&hellip;\n","protected":false},"author":2,"featured_media":1134,"comment_status":"","ping_status":"","sticky":false,"template":"","format":"standard","meta":{"footnotes":""},"categories":[5],"tags":[23,28,29,32,33,22,30,31,35,39,38,36,37,34,40,20,26,27,759,757,24,25,758,21],"class_list":{"0":"post-1133","1":"post","2":"type-post","3":"status-publish","4":"format-standard","5":"has-post-thumbnail","7":"category-aktualitates","8":"tag-aktualitates","9":"tag-breaking-news","10":"tag-breakingnews","11":"tag-featured-news","12":"tag-featurednews","13":"tag-headlines","14":"tag-latest-news","15":"tag-latestnews","16":"tag-latvia","17":"tag-latvian","18":"tag-latviesu","19":"tag-latviesu-valoda","20":"tag-latviesuvaloda","21":"tag-latvija","22":"tag-lv","23":"tag-news","24":"tag-popularakas-zinas","25":"tag-popularakaszinas","26":"tag-saimniece-mekle-viru","27":"tag-saimnieks-mekle-sievu","28":"tag-top-stories","29":"tag-topstories","30":"tag-tvnet-sejas","31":"tag-zinas"},"share_on_mastodon":{"url":"","error":""},"_links":{"self":[{"href":"https:\/\/www.europesays.com\/lv\/wp-json\/wp\/v2\/posts\/1133","targetHints":{"allow":["GET"]}}],"collection":[{"href":"https:\/\/www.europesays.com\/lv\/wp-json\/wp\/v2\/posts"}],"about":[{"href":"https:\/\/www.europesays.com\/lv\/wp-json\/wp\/v2\/types\/post"}],"author":[{"embeddable":true,"href":"https:\/\/www.europesays.com\/lv\/wp-json\/wp\/v2\/users\/2"}],"replies":[{"embeddable":true,"href":"https:\/\/www.europesays.com\/lv\/wp-json\/wp\/v2\/comments?post=1133"}],"version-history":[{"count":0,"href":"https:\/\/www.europesays.com\/lv\/wp-json\/wp\/v2\/posts\/1133\/revisions"}],"wp:featuredmedia":[{"embeddable":true,"href":"https:\/\/www.europesays.com\/lv\/wp-json\/wp\/v2\/media\/1134"}],"wp:attachment":[{"href":"https:\/\/www.europesays.com\/lv\/wp-json\/wp\/v2\/media?parent=1133"}],"wp:term":[{"taxonomy":"category","embeddable":true,"href":"https:\/\/www.europesays.com\/lv\/wp-json\/wp\/v2\/categories?post=1133"},{"taxonomy":"post_tag","embeddable":true,"href":"https:\/\/www.europesays.com\/lv\/wp-json\/wp\/v2\/tags?post=1133"}],"curies":[{"name":"wp","href":"https:\/\/api.w.org\/{rel}","templated":true}]}}