{"id":113326,"date":"2026-01-25T16:45:37","date_gmt":"2026-01-25T16:45:37","guid":{"rendered":"https:\/\/www.europesays.com\/lv\/113326\/"},"modified":"2026-01-25T16:45:37","modified_gmt":"2026-01-25T16:45:37","slug":"ostapenko-panak-uzvaru-australijas-atklata-cempionata-pirmaja-karta-atzistot-sakuma-grutibas-lente-lv","status":"publish","type":"post","link":"https:\/\/www.europesays.com\/lv\/113326\/","title":{"rendered":"Ostapenko pan\u0101k uzvaru Austr\u0101lijas atkl\u0101t\u0101 \u010dempion\u0101ta pirmaj\u0101 k\u0101rt\u0101, atz\u012bstot s\u0101kuma gr\u016bt\u012bbas\u00a0\u2014\u00a0Lente.lv"},"content":{"rendered":"<p>Ostapenko p\u0101rliecino\u0161i uzs\u0101k &#8220;Australian Open&#8221;<\/p>\n<p>Latvijas pirm\u0101 rakete tenis\u0101 A\u013cona Ostapenko ir veiksm\u012bgi p\u0101rvar\u0113jusi Austr\u0101lijas atkl\u0101t\u0101 \u010dempion\u0101ta (Australian Open) viensp\u0113\u013cu turn\u012bra pirmo k\u0101rtu, nodro\u0161inot sev vietu n\u0101kamaj\u0101 posm\u0101. K\u0101 zi\u0146o av\u012bze Diena, sportiste p\u0113c uzvaras atzina, ka turn\u012bra s\u0101kums vienm\u0113r ir bijis izaicino\u0161s, ta\u010du vi\u0146a ir apmierin\u0101ta ar savu sniegumu un cer uzlabot to turpin\u0101jum\u0101.<\/p>\n<p>Sp\u0113les gaita pret \u0160ramkovu<\/p>\n<p>Otrdienas r\u012bt\u0101 Ostapenko, kura WTA rang\u0101 ie\u0146em 24. vietu, tik\u0101s ar slov\u0101kieti Rebeku \u0160ramkovu, kura atrodas 73. poz\u012bcij\u0101. Ma\u010ds izv\u0113rt\u0101s l\u012bdzv\u0113rt\u012bgs pirmajos geimos, ab\u0101m tenisist\u0113m apmainoties ar breikiem, tom\u0113r Ostapenko sp\u0113ja notur\u0113t savu servi un uzvar\u0113t pirmo setu ar 6-4. Otraj\u0101 set\u0101 Latvijas tenisiste demonstr\u0113ja p\u0101rliecino\u0161\u0101ku sniegumu, \u0101tri ieg\u016bstot 5-1 p\u0101rsvaru. Lai gan \u0160ramkova sp\u0113ja atsp\u0113l\u0113t tr\u012bs geimus, Ostapenko nosarg\u0101ja savu p\u0101rsvaru un uzvar\u0113ja otro setu ar 6-4, t\u0101d\u0113j\u0101di nodro\u0161inot uzvaru vis\u0101 ma\u010d\u0101. \u0160\u012b uzvara Ostapenko p\u0101rtrauca vi\u0146as se\u0161u neveiksm\u012bgo sp\u0113\u013cu s\u0113riju viensp\u0113l\u0113s, kas s\u0101k\u0101s 2025. gada nogal\u0113.<\/p>\n<p>N\u0101kamais pretinieks unsezonas perspekt\u012bvas<\/p>\n<p>Turn\u012bra otraj\u0101 k\u0101rt\u0101 Ostapenko tiksies ar \u0136\u012bnas tenisisti Sji\u0146jui Vanu (WTA 43.), kura pirmaj\u0101 k\u0101rt\u0101 uzvar\u0113ja ukrainieti Anhelinu Ka\u013ci\u0146inu. Ostapenko atzin\u012bgi nov\u0113rt\u0113 savu n\u0101kamo pretinieci, nor\u0101dot, ka gaid\u0101ma spraiga c\u012b\u0146a. Vi\u0146a ar\u012b atz\u012bm\u0113ja, ka sagatavo\u0161an\u0101s posms jaunajai sezonai norit\u0113jis veiksm\u012bgi, lai gan p\u0113d\u0113j\u0101s divas sp\u0113les pirms Austr\u0101lijas atkl\u0101t\u0101 \u010dempion\u0101ta tika zaud\u0113tas. Ostapenko uzsv\u0113ra, ka treni\u0146os viss ir izdevies un vi\u0146ai ir svar\u012bgi \u0161o p\u0101rliec\u012bbu p\u0101rnest uz sp\u0113l\u0113m.<\/p>\n<p>Ostapenko karjera un sasniegumi<\/p>\n<p>\u0160is ir Ostapenko 11. dal\u012bbas reize Austr\u0101lijas atkl\u0101taj\u0101 \u010dempion\u0101t\u0101. Vi\u0146as lab\u0101kais rezult\u0101ts \u0161aj\u0101 turn\u012br\u0101 viensp\u0113l\u0113s ir sasniegts 2023. gad\u0101, kad vi\u0146a iek\u013cuva ceturtda\u013cfin\u0101l\u0101. Pag\u0101ju\u0161aj\u0101 gad\u0101 Ostapenko viensp\u0113l\u0113s izst\u0101j\u0101s jau pirmaj\u0101 k\u0101rt\u0101, ta\u010du dubultsp\u0113l\u0113s otro gadu p\u0113c k\u0101rtas sasniedza fin\u0101lu. \u0160ogad Ostapenko piedal\u0101s ar\u012b dubultsp\u0113l\u0113s p\u0101r\u012b ar taiv\u0101nieti Suveju Sji, un vi\u0146u duets jau ir sasniedzis otro k\u0101rtu.<\/p>\n<p>Citu Latvijas tenisistu sniegums<\/p>\n<p>Cit\u0101m Latvijas tenisist\u0113m Austr\u0101lijas atkl\u0101tais \u010dempion\u0101ts nav s\u0101cies tik veiksm\u012bgi. Darja Seme\u0146istaja (WTA 98.) jau pirmaj\u0101 k\u0101rt\u0101 p\u0101rliecino\u0161i ar 3-6, 0-6 piek\u0101p\u0101s \u010dehietei Lindai Noskovai (WTA 13.). Anastasija Sevastova savuk\u0101rt nesp\u0113ja p\u0101rvar\u0113t kvalifik\u0101cijas k\u0101rtu.<\/p>\n","protected":false},"excerpt":{"rendered":"Ostapenko p\u0101rliecino\u0161i uzs\u0101k &#8220;Australian Open&#8221; Latvijas pirm\u0101 rakete tenis\u0101 A\u013cona Ostapenko ir veiksm\u012bgi p\u0101rvar\u0113jusi Austr\u0101lijas atkl\u0101t\u0101 \u010dempion\u0101ta (Australian&hellip;\n","protected":false},"author":2,"featured_media":113327,"comment_status":"","ping_status":"","sticky":false,"template":"","format":"standard","meta":{"footnotes":""},"categories":[17],"tags":[680,2781,3042,35,39,38,36,37,34,40,22630,67,683],"class_list":{"0":"post-113326","1":"post","2":"type-post","3":"status-publish","4":"format-standard","5":"has-post-thumbnail","7":"category-sports","8":"tag-alona-ostapenko","9":"tag-australian-open","10":"tag-australijas-atklatais-cempionats","11":"tag-latvia","12":"tag-latvian","13":"tag-latviesu","14":"tag-latviesu-valoda","15":"tag-latviesuvaloda","16":"tag-latvija","17":"tag-lv","18":"tag-melburna","19":"tag-sports","20":"tag-teniss"},"share_on_mastodon":{"url":"https:\/\/pubeurope.com\/@lv\/115956752227312408","error":""},"_links":{"self":[{"href":"https:\/\/www.europesays.com\/lv\/wp-json\/wp\/v2\/posts\/113326","targetHints":{"allow":["GET"]}}],"collection":[{"href":"https:\/\/www.europesays.com\/lv\/wp-json\/wp\/v2\/posts"}],"about":[{"href":"https:\/\/www.europesays.com\/lv\/wp-json\/wp\/v2\/types\/post"}],"author":[{"embeddable":true,"href":"https:\/\/www.europesays.com\/lv\/wp-json\/wp\/v2\/users\/2"}],"replies":[{"embeddable":true,"href":"https:\/\/www.europesays.com\/lv\/wp-json\/wp\/v2\/comments?post=113326"}],"version-history":[{"count":0,"href":"https:\/\/www.europesays.com\/lv\/wp-json\/wp\/v2\/posts\/113326\/revisions"}],"wp:featuredmedia":[{"embeddable":true,"href":"https:\/\/www.europesays.com\/lv\/wp-json\/wp\/v2\/media\/113327"}],"wp:attachment":[{"href":"https:\/\/www.europesays.com\/lv\/wp-json\/wp\/v2\/media?parent=113326"}],"wp:term":[{"taxonomy":"category","embeddable":true,"href":"https:\/\/www.europesays.com\/lv\/wp-json\/wp\/v2\/categories?post=113326"},{"taxonomy":"post_tag","embeddable":true,"href":"https:\/\/www.europesays.com\/lv\/wp-json\/wp\/v2\/tags?post=113326"}],"curies":[{"name":"wp","href":"https:\/\/api.w.org\/{rel}","templated":true}]}}