{"id":113330,"date":"2026-01-25T16:48:36","date_gmt":"2026-01-25T16:48:36","guid":{"rendered":"https:\/\/www.europesays.com\/lv\/113330\/"},"modified":"2026-01-25T16:48:36","modified_gmt":"2026-01-25T16:48:36","slug":"daugavpili-par-350-000-eiro-atjaunos-20-pasvaldibas-dzivoklus","status":"publish","type":"post","link":"https:\/\/www.europesays.com\/lv\/113330\/","title":{"rendered":"Daugavpil\u012b par 350 000 eiro atjaunos 20 pa\u0161vald\u012bbas dz\u012bvok\u013cus"},"content":{"rendered":"<p>Projekts tiks realiz\u0113ts saska\u0146\u0101 ar Ministru kabineta noteikumiem, kas nosaka Eiropas Savien\u012bbas koh\u0113zijas politikas programmas 2021.-2027. gadam specifisk\u0101 atbalsta m\u0113r\u0137a \u012bsteno\u0161anu soci\u0101li atstumto kopienu, m\u0101jsaimniec\u012bbu ar zemiem ien\u0101kumiem un nelabv\u0113l\u012bg\u0101 situ\u0101cij\u0101 eso\u0161o personu soci\u0101lekonomisk\u0101s integr\u0101cijas veicin\u0101\u0161anai, tostarp nodro\u0161inot m\u0101jok\u013ca pieejam\u012bbu.<\/p>\n<p>Projekta m\u0113r\u0137is ir nodro\u0161in\u0101t cilv\u0113ka cien\u012bgiem dz\u012bves apst\u0101k\u013ciem atbilsto\u0161u m\u0101jok\u013cu pieejam\u012bbu soci\u0101li un ekonomiski mazaizsarg\u0101t\u0101m person\u0101m, k\u0101 ar\u012b samazin\u0101t rindas uz pa\u0161vald\u012bbas dz\u012bvok\u013cu iz\u012br\u0113\u0161anu. Projekta tie\u0161\u0101 m\u0113r\u0137a grupa ir b\u0113rni b\u0101re\u0146i un citi bez vec\u0101ku g\u0101d\u012bbas paliku\u0161ie b\u0113rni no pilngad\u012bbas sasnieg\u0161anas l\u012bdz 24 gadu vecumam, kuriem ir ties\u012bbas sa\u0146emt pa\u0161vald\u012bbas dz\u012bvojamo telpu.<\/p>\n<p>Gad\u012bjum\u0101, ja rind\u0101 neb\u016bs \u0161\u012bs m\u0113r\u0137a grupas personu, atjaunotie dz\u012bvok\u013ci tiks iz\u012br\u0113ti cit\u0101m person\u0101m, kuras <a href=\"https:\/\/www.tvnet.lv\/term\/14326\/daugavpils\" class=\"topicLink\" target=\"_blank\" rel=\"nofollow noopener\">Daugavpils<\/a> pa\u0161vald\u012bb\u0101 re\u0123istr\u0113tas pal\u012bdz\u012bbas sa\u0146em\u0161anai saska\u0146\u0101 ar likumu &#8220;Par pal\u012bdz\u012bbu dz\u012bvok\u013ca jaut\u0101jumu risin\u0101\u0161an\u0101&#8221;.<\/p>\n<p>Projekta \u012bsteno\u0161anas gait\u0101 paredz\u0113ts veikt remontdarbus neiz\u012br\u0113tajos pa\u0161vald\u012bbas dz\u012bvok\u013cos, nodro\u0161inot virtuves un sanit\u0101ro telpu funkcionalit\u0101tei nepiecie\u0161amo iek\u0101rtu un ier\u012b\u010du uzst\u0101d\u012b\u0161anu, k\u0101 ar\u012b veicot b\u016bvuzraudz\u012bbu. Projekta \u012bsteno\u0161anas rezult\u0101t\u0101 tiks atjaunoti un moderniz\u0113ti 20 pa\u0161vald\u012bbas dz\u012bvok\u013ci, par kuriem tiks nosl\u0113gti 20 \u012bres l\u012bgumi ar soci\u0101li un ekonomiski mazaizsarg\u0101t\u0101m person\u0101m. Tas \u013caus samazin\u0101t rindas uz pa\u0161vald\u012bbas dz\u012bvok\u013cu un soci\u0101lo dz\u012bvok\u013cu sa\u0146em\u0161anu par 19%.<\/p>\n<p>\u012apa\u0161a uzman\u012bba projekt\u0101 piev\u0113rsta vides pieejam\u012bbai &#8211; septi\u0146i dz\u012bvok\u013ci tiks piel\u0101goti person\u0101m ar redzes trauc\u0113jumiem. Piel\u0101gojumi ietver taktilo dz\u012bvok\u013ca numuru pl\u0101k\u0161\u0146u uzst\u0101d\u012b\u0161anu ar palielin\u0101tu druku un Brai\u013ca rakstu, kontrast\u0113jo\u0161u kr\u0101su izmanto\u0161anu durvju sliek\u0161\u0146iem, aplod\u0101m, rokturiem un zvanu pog\u0101m, apgaismojuma uzlabo\u0161anu, viendab\u012bga un gluda gr\u012bdas seguma iekl\u0101\u0161anu, k\u0101 ar\u012b funkcion\u0101li un dro\u0161i piel\u0101gotu sanit\u0101ro iek\u0101rtu uzst\u0101d\u012b\u0161anu.<\/p>\n<p>Projektu pl\u0101nots pabeigt l\u012bdz 2028. gada 31. j\u016blijam. Kop\u0113j\u0101s projekta izmaksas ir 350 000 eiro, no kur\u0101m 297 500 eiro ir Eiropas Re\u0123ion\u0101l\u0101 att\u012bst\u012bbas fonda finans\u0113jums, bet 52 500 eiro &#8211; pa\u0161vald\u012bbas l\u012bdzfinans\u0113jums.<\/p>\n","protected":false},"excerpt":{"rendered":"Projekts tiks realiz\u0113ts saska\u0146\u0101 ar Ministru kabineta noteikumiem, kas nosaka Eiropas Savien\u012bbas koh\u0113zijas politikas programmas 2021.-2027. gadam specifisk\u0101&hellip;\n","protected":false},"author":2,"featured_media":113331,"comment_status":"","ping_status":"","sticky":false,"template":"","format":"standard","meta":{"footnotes":""},"categories":[12],"tags":[23,28,29,168,32,33,22,30,31,35,39,38,36,37,34,40,4139,20,26,27,24,25,21],"class_list":{"0":"post-113330","1":"post","2":"type-post","3":"status-publish","4":"format-standard","5":"has-post-thumbnail","7":"category-latvija","8":"tag-aktualitates","9":"tag-breaking-news","10":"tag-breakingnews","11":"tag-daugavpils","12":"tag-featured-news","13":"tag-featurednews","14":"tag-headlines","15":"tag-latest-news","16":"tag-latestnews","17":"tag-latvia","18":"tag-latvian","19":"tag-latviesu","20":"tag-latviesu-valoda","21":"tag-latviesuvaloda","22":"tag-latvija","23":"tag-lv","24":"tag-nekustamais-ipasums","25":"tag-news","26":"tag-popularakas-zinas","27":"tag-popularakaszinas","28":"tag-top-stories","29":"tag-topstories","30":"tag-zinas"},"share_on_mastodon":{"url":"https:\/\/pubeurope.com\/@lv\/115956764073999365","error":""},"_links":{"self":[{"href":"https:\/\/www.europesays.com\/lv\/wp-json\/wp\/v2\/posts\/113330","targetHints":{"allow":["GET"]}}],"collection":[{"href":"https:\/\/www.europesays.com\/lv\/wp-json\/wp\/v2\/posts"}],"about":[{"href":"https:\/\/www.europesays.com\/lv\/wp-json\/wp\/v2\/types\/post"}],"author":[{"embeddable":true,"href":"https:\/\/www.europesays.com\/lv\/wp-json\/wp\/v2\/users\/2"}],"replies":[{"embeddable":true,"href":"https:\/\/www.europesays.com\/lv\/wp-json\/wp\/v2\/comments?post=113330"}],"version-history":[{"count":0,"href":"https:\/\/www.europesays.com\/lv\/wp-json\/wp\/v2\/posts\/113330\/revisions"}],"wp:featuredmedia":[{"embeddable":true,"href":"https:\/\/www.europesays.com\/lv\/wp-json\/wp\/v2\/media\/113331"}],"wp:attachment":[{"href":"https:\/\/www.europesays.com\/lv\/wp-json\/wp\/v2\/media?parent=113330"}],"wp:term":[{"taxonomy":"category","embeddable":true,"href":"https:\/\/www.europesays.com\/lv\/wp-json\/wp\/v2\/categories?post=113330"},{"taxonomy":"post_tag","embeddable":true,"href":"https:\/\/www.europesays.com\/lv\/wp-json\/wp\/v2\/tags?post=113330"}],"curies":[{"name":"wp","href":"https:\/\/api.w.org\/{rel}","templated":true}]}}