{"id":113365,"date":"2026-01-25T17:43:07","date_gmt":"2026-01-25T17:43:07","guid":{"rendered":"https:\/\/www.europesays.com\/lv\/113365\/"},"modified":"2026-01-25T17:43:07","modified_gmt":"2026-01-25T17:43:07","slug":"riga-taps-devini-jauni-mobilitates-punkti-ar-es-atbalstu-izmainas-skars-ari-centralo-staciju-lente-lv-2","status":"publish","type":"post","link":"https:\/\/www.europesays.com\/lv\/113365\/","title":{"rendered":"R\u012bg\u0101 taps devi\u0146i jauni mobilit\u0101tes punkti ar ES atbalstu, izmai\u0146as skars ar\u012b Centr\u0101lo staciju\u00a0\u2014\u00a0Lente.lv"},"content":{"rendered":"<p>Jaunas mobilit\u0101tes iesp\u0113jas R\u012bg\u0101 ar ES finans\u0113jumu<\/p>\n<p>R\u012bgas dome ceturtdien, 22. janv\u0101r\u012b, apstiprin\u0101jusi pieteikumu iesnieg\u0161anu Eiropas Savien\u012bbas (ES) Koh\u0113zijas fondam devi\u0146u jaunu mobilit\u0101tes punktu izveidei pils\u0113t\u0101. \u0160is projekts, kas iek\u013cauts 2026. gada bud\u017eeta programm\u0101 \u201cDzelzce\u013ca pieturas punktu integr\u0113\u0161ana pils\u0113tvid\u0113 un pils\u0113tas transporta sist\u0113m\u0101\u201d, paredz ar\u012b Centr\u0101l\u0101s dzelzce\u013ca stacijas integr\u0113\u0161anu pils\u0113tvid\u0113 un transporta sist\u0113m\u0101. Kop\u0113jais projekta m\u0113r\u0137is ir veicin\u0101t ilgtsp\u0113j\u012bgu un daudzveid\u012bgu mobilit\u0101ti pils\u0113t\u0101s, saska\u0146\u0101 ar R\u012bgas att\u012bst\u012bbas programmu 2022.\u20132027. gadam.<\/p>\n<p>Centr\u0101l\u0101s stacijas un \u0100genskalna dzelzce\u013ca pieturas att\u012bst\u012bba<\/p>\n<p>K\u0101 uzsv\u0113ra R\u012bgas domes Satiksmes un transporta lietu komitejas priek\u0161s\u0113d\u0113t\u0101ja Marta Kotello, divi \u012bpa\u0161i noz\u012bm\u012bgi punkti \u0161aj\u0101 projekt\u0101 ir jaunas dzelzce\u013ca pieturas izveide pie Stradi\u0146a slimn\u012bcas ar nosaukumu &#8220;\u0100genskalns&#8221; un publisk\u0101s \u0101rtelpas sak\u0101rto\u0161ana pie R\u012bgas Centr\u0101l\u0101s dzelzce\u013ca stacijas, posm\u0101 no L\u0101\u010dpl\u0113\u0161a ielas l\u012bdz Radzi\u0146a krastmalai. &#8220;\u0100genskalna&#8221; pietura nodro\u0161in\u0101s dro\u0161us un \u0113rtus savienojumus pacientiem, medi\u0137iem un studentiem, savienojot dzelzce\u013cu ar slimn\u012bcas kompleksu un apk\u0101rt\u0113jo infrastrukt\u016bru. Savuk\u0101rt pie Centr\u0101l\u0101s stacijas pl\u0101nots sak\u0101rtot publisko \u0101rtelpu, izveidojot virszemes g\u0101j\u0113ju p\u0101rejas pie pazemes tune\u013ciem.<\/p>\n<p>Devi\u0146i jaunie mobilit\u0101tes punkti<\/p>\n<p>Projekta &#8220;Stacija 2.0&#8221; ietvaros kopum\u0101 tiks izveidoti devi\u0146i mobilit\u0101tes punkti pie dzelzce\u013ca stacij\u0101m: &#8220;Imanta&#8221;, &#8220;Depo&#8221;, &#8220;Zasulauks&#8221;, &#8220;\u0100genskalns&#8221;, &#8220;Tor\u0146akalns&#8221;, &#8220;Jugla&#8221;, &#8220;J\u0101\u0146a v\u0101rti&#8221;, &#8220;Daugmale&#8221; un &#8220;R\u012bgas centr\u0101l\u0101 stacija&#8221;. \u0160ajos punktos tiks nodro\u0161in\u0101ti \u0113rti un dro\u0161i savienojumi starp da\u017e\u0101diem transporta veidiem \u2013 sabiedrisko transportu, g\u0101j\u0113jiem, velobrauc\u0113jiem un dzelzce\u013ca infrastrukt\u016bru.<\/p>\n<p>Ilgtsp\u0113j\u012bga mobilit\u0101te un ES fondu noz\u012bme<\/p>\n<p>Mobilit\u0101tes punktu att\u012bst\u012bba tiek \u012bstenota ar ES Koh\u0113zijas politikas programmas 2021.\u20132027. gadam atbalstu, kas paredz &#8220;Veicin\u0101t ilgtsp\u0113j\u012bgu daudzveidu mobilit\u0101ti pils\u0113t\u0101s&#8221;. \u0160\u0101di projekti ir b\u016btiska da\u013ca no pla\u0161\u0101kas ES invest\u012bciju strat\u0113\u0123ijas Latvij\u0101, kuras m\u0113r\u0137is ir stiprin\u0101t ekonomiku, uzlabot iedz\u012bvot\u0101ju ikdienas dz\u012bvi un veidot ilgtsp\u0113j\u012bgu valsts n\u0101kotni. ES fondu finans\u0113jums pal\u012bdz nodro\u0161in\u0101t moderniz\u0113tu infrastrukt\u016bru un veicina p\u0101rmai\u0146as iedz\u012bvot\u0101ju p\u0101rvieto\u0161an\u0101s paradumos, samazinot priv\u0101t\u0101 autotransporta lieto\u0161anu un mazinot vides pies\u0101r\u0146ojumu.<\/p>\n<p>Centr\u0101l\u0101s stacijas apk\u0101rtnes att\u012bst\u012bba<\/p>\n<p>R\u012bgas Centr\u0101l\u0101s stacijas teritorija tiek pl\u0101nota k\u0101 m\u016bsdien\u012bgs multimod\u0101ls satiksmes mezgls, kas integr\u0113ts pils\u0113tas infrastrukt\u016br\u0101. Papildus mobilit\u0101tes punktiem, \u0161aj\u0101 viet\u0101 pl\u0101noti vair\u0101ki ielu savienojumi, tostarp Pr\u0101gas iela ar E. Benjami\u0146as ielu, L\u0101\u010dpl\u0113\u0161a iela ar Dzirnavu ielu, k\u0101 ar\u012b citi. \u0160\u012bs p\u0101rmai\u0146as veicin\u0101s R\u012bgas centra att\u012bst\u012bbu un uzlabos piek\u013cuvi gan dzelzce\u013ca, gan citu transporta veidu pakalpojumiem.<\/p>\n","protected":false},"excerpt":{"rendered":"Jaunas mobilit\u0101tes iesp\u0113jas R\u012bg\u0101 ar ES finans\u0113jumu R\u012bgas dome ceturtdien, 22. janv\u0101r\u012b, apstiprin\u0101jusi pieteikumu iesnieg\u0161anu Eiropas Savien\u012bbas (ES)&hellip;\n","protected":false},"author":2,"featured_media":113348,"comment_status":"","ping_status":"","sticky":false,"template":"","format":"standard","meta":{"footnotes":""},"categories":[5],"tags":[23,28,29,26510,26511,32,33,22,6772,30,31,35,39,38,36,37,34,40,4913,20,26,27,172,24,25,21],"class_list":{"0":"post-113365","1":"post","2":"type-post","3":"status-publish","4":"format-standard","5":"has-post-thumbnail","7":"category-aktualitates","8":"tag-aktualitates","9":"tag-breaking-news","10":"tag-breakingnews","11":"tag-centrala-stacija","12":"tag-es-kohezijas-fonds","13":"tag-featured-news","14":"tag-featurednews","15":"tag-headlines","16":"tag-ilgtspejiga-mobilitate","17":"tag-latest-news","18":"tag-latestnews","19":"tag-latvia","20":"tag-latvian","21":"tag-latviesu","22":"tag-latviesu-valoda","23":"tag-latviesuvaloda","24":"tag-latvija","25":"tag-lv","26":"tag-mobilitates-punkti","27":"tag-news","28":"tag-popularakas-zinas","29":"tag-popularakaszinas","30":"tag-riga","31":"tag-top-stories","32":"tag-topstories","33":"tag-zinas"},"share_on_mastodon":{"url":"https:\/\/pubeurope.com\/@lv\/115956980316865010","error":""},"_links":{"self":[{"href":"https:\/\/www.europesays.com\/lv\/wp-json\/wp\/v2\/posts\/113365","targetHints":{"allow":["GET"]}}],"collection":[{"href":"https:\/\/www.europesays.com\/lv\/wp-json\/wp\/v2\/posts"}],"about":[{"href":"https:\/\/www.europesays.com\/lv\/wp-json\/wp\/v2\/types\/post"}],"author":[{"embeddable":true,"href":"https:\/\/www.europesays.com\/lv\/wp-json\/wp\/v2\/users\/2"}],"replies":[{"embeddable":true,"href":"https:\/\/www.europesays.com\/lv\/wp-json\/wp\/v2\/comments?post=113365"}],"version-history":[{"count":0,"href":"https:\/\/www.europesays.com\/lv\/wp-json\/wp\/v2\/posts\/113365\/revisions"}],"wp:featuredmedia":[{"embeddable":true,"href":"https:\/\/www.europesays.com\/lv\/wp-json\/wp\/v2\/media\/113348"}],"wp:attachment":[{"href":"https:\/\/www.europesays.com\/lv\/wp-json\/wp\/v2\/media?parent=113365"}],"wp:term":[{"taxonomy":"category","embeddable":true,"href":"https:\/\/www.europesays.com\/lv\/wp-json\/wp\/v2\/categories?post=113365"},{"taxonomy":"post_tag","embeddable":true,"href":"https:\/\/www.europesays.com\/lv\/wp-json\/wp\/v2\/tags?post=113365"}],"curies":[{"name":"wp","href":"https:\/\/api.w.org\/{rel}","templated":true}]}}