{"id":113366,"date":"2026-01-25T17:47:09","date_gmt":"2026-01-25T17:47:09","guid":{"rendered":"https:\/\/www.europesays.com\/lv\/113366\/"},"modified":"2026-01-25T17:47:09","modified_gmt":"2026-01-25T17:47:09","slug":"video-%e2%9f%a9-ar-starlink-vadami-shahed-droni-iznicina-ukrainu-aviaciju-talu-aiz-frontes-linijas","status":"publish","type":"post","link":"https:\/\/www.europesays.com\/lv\/113366\/","title":{"rendered":"VIDEO \u27e9 Ar Starlink vad\u0101mi \u201cShahed\u201d droni izn\u012bcina ukrai\u0146u avi\u0101ciju t\u0101lu aiz frontes l\u012bnijas"},"content":{"rendered":"<p class=\"MsoNormal\">Laikraksta \u201cDefense Express\u201d galvenais redaktors O\u013cegs Katkovs jau iepriek\u0161 bija zi\u0146ojis, ka galvenais uzlabojums, kas iev\u0113rojami palielin\u0101jis efektivit\u0101ti un main\u012bjis \u201cShahed\u201d kamikadzes dronu taktiku, bija MESH t\u012bkla ievie\u0161ana \u2014 specializ\u0113tu t\u012bkla modemu uzst\u0101d\u012b\u0161ana dronos dronu savstarp\u0113jai sazi\u0146ai. Tas \u013c\u0101va droniem izveidot dinamisku, uz \u0137\u0113des principiem balst\u012btu sign\u0101lu releju sist\u0113mu, kas bija aizsarg\u0101ta no elektronisk\u0101s karadarb\u012bbas. Tas \u013c\u0101va krieviem ne tikai sa\u0146emt att\u0113lus no drona dzi\u013ci Ukrainas aizmugur\u0113, bet ar\u012b, ja nepiecie\u0161ams, tos kontrol\u0113t re\u0101llaik\u0101.<\/p>\n<p class=\"MsoNormal\">P\u0113c eksperta teikt\u0101, MESH t\u012bkls paver ienaidniekam iesp\u0113jas eksperiment\u0113t pat ar gaiss-gaiss ra\u0137e\u0161u uzst\u0101d\u012b\u0161anu uz droniem, lai m\u0113r\u0137\u0113tu uz Ukrainas lidma\u0161\u012bn\u0101m t\u0101lu frontes aizmugur\u0113. Katkovs uzsv\u0113ra, ka \u0161im draudam netiek piev\u0113rsta pietiekama uzman\u012bba, jo tas attiecas nevis uz mobilajiem t\u012bkliem, bet gan uz iztur\u012bgu gaisa digit\u0101lo releju sist\u0113mu simtiem kilometru garum\u0101, kas paliek darbsp\u0113j\u012bga pat p\u0113c atsevi\u0161\u0137u dronu izn\u012bcin\u0101\u0161anas.<\/p>\n","protected":false},"excerpt":{"rendered":"Laikraksta \u201cDefense Express\u201d galvenais redaktors O\u013cegs Katkovs jau iepriek\u0161 bija zi\u0146ojis, ka galvenais uzlabojums, kas iev\u0113rojami palielin\u0101jis efektivit\u0101ti&hellip;\n","protected":false},"author":2,"featured_media":113367,"comment_status":"","ping_status":"","sticky":false,"template":"","format":"standard","meta":{"footnotes":""},"categories":[14],"tags":[23,57,3700,1133,28,29,75,32,33,22,74,30,31,35,39,38,36,37,34,40,20,26,27,1474,24,25,276,54,55,56,21,58],"class_list":{"0":"post-113366","1":"post","2":"type-post","3":"status-publish","4":"format-standard","5":"has-post-thumbnail","7":"category-zinas-no-arvalstim","8":"tag-aktualitates","9":"tag-arvalstim","10":"tag-autoritarisma-ena-par-eiropu","11":"tag-aviacija","12":"tag-breaking-news","13":"tag-breakingnews","14":"tag-droni","15":"tag-featured-news","16":"tag-featurednews","17":"tag-headlines","18":"tag-krievijas-iebrukums-ukraina","19":"tag-latest-news","20":"tag-latestnews","21":"tag-latvia","22":"tag-latvian","23":"tag-latviesu","24":"tag-latviesu-valoda","25":"tag-latviesuvaloda","26":"tag-latvija","27":"tag-lv","28":"tag-news","29":"tag-popularakas-zinas","30":"tag-popularakaszinas","31":"tag-starlink","32":"tag-top-stories","33":"tag-topstories","34":"tag-ukraina","35":"tag-world","36":"tag-world-news","37":"tag-worldnews","38":"tag-zinas","39":"tag-zinas-no-arvalstim"},"share_on_mastodon":{"url":"","error":"Validation failed: Text character limit of 500 exceeded"},"_links":{"self":[{"href":"https:\/\/www.europesays.com\/lv\/wp-json\/wp\/v2\/posts\/113366","targetHints":{"allow":["GET"]}}],"collection":[{"href":"https:\/\/www.europesays.com\/lv\/wp-json\/wp\/v2\/posts"}],"about":[{"href":"https:\/\/www.europesays.com\/lv\/wp-json\/wp\/v2\/types\/post"}],"author":[{"embeddable":true,"href":"https:\/\/www.europesays.com\/lv\/wp-json\/wp\/v2\/users\/2"}],"replies":[{"embeddable":true,"href":"https:\/\/www.europesays.com\/lv\/wp-json\/wp\/v2\/comments?post=113366"}],"version-history":[{"count":0,"href":"https:\/\/www.europesays.com\/lv\/wp-json\/wp\/v2\/posts\/113366\/revisions"}],"wp:featuredmedia":[{"embeddable":true,"href":"https:\/\/www.europesays.com\/lv\/wp-json\/wp\/v2\/media\/113367"}],"wp:attachment":[{"href":"https:\/\/www.europesays.com\/lv\/wp-json\/wp\/v2\/media?parent=113366"}],"wp:term":[{"taxonomy":"category","embeddable":true,"href":"https:\/\/www.europesays.com\/lv\/wp-json\/wp\/v2\/categories?post=113366"},{"taxonomy":"post_tag","embeddable":true,"href":"https:\/\/www.europesays.com\/lv\/wp-json\/wp\/v2\/tags?post=113366"}],"curies":[{"name":"wp","href":"https:\/\/api.w.org\/{rel}","templated":true}]}}