{"id":113371,"date":"2026-01-25T17:54:38","date_gmt":"2026-01-25T17:54:38","guid":{"rendered":"https:\/\/www.europesays.com\/lv\/113371\/"},"modified":"2026-01-25T17:54:38","modified_gmt":"2026-01-25T17:54:38","slug":"bez-asaram-nevar-atcereties-lielakie-ugunsgreki-latvija-pedejo-20-gadu-laika-lente-lv","status":"publish","type":"post","link":"https:\/\/www.europesays.com\/lv\/113371\/","title":{"rendered":"&#8220;Bez asar\u0101m nevar atcer\u0113ties&#8230;&#8221; Liel\u0101kie ugunsgr\u0113ki Latvij\u0101 p\u0113d\u0113jo 20 gadu laik\u0101\u00a0\u2014\u00a0Lente.lv"},"content":{"rendered":"<p>Tra\u0123\u0113dija \u0136ekav\u0101 \u2013 smag\u0101k\u0101 no p\u0113d\u0113j\u0101 laika nelaimes<\/p>\n<p>\u0160\u0101 gada 16. janv\u0101r\u012b sabiedr\u012bbu satricin\u0101ja zi\u0146a par divu b\u0113rnu boj\u0101eju ugunsgr\u0113k\u0101 \u0136ekavas novada Krustkalnu ciem\u0101. Liesmas dz\u012bvokl\u012b Jaunlazdu iel\u0101 5 izc\u0113l\u0101s agraj\u0101s r\u012bta stund\u0101s, prasot piecu un 15 gadus vecu z\u0113nu dz\u012bv\u012bbu. Vi\u0146u m\u0101te un \u010detrgad\u012bg\u0101 m\u0101sa tika nog\u0101d\u0101tas slimn\u012bc\u0101 smag\u0101 st\u0101vokl\u012b. K\u0101 inform\u0113 port\u0101ls jauns.lv, \u0161\u012b tra\u0123\u0113dija ir viens no satrauco\u0161\u0101kajiem ugunsnelaimju gad\u012bjumiem Latvij\u0101 p\u0113d\u0113jo gadu laik\u0101, liekot v\u0113lreiz atskat\u012bties uz cit\u0101m l\u012bdz\u012bg\u0101m, sabiedr\u012bb\u0101 pla\u0161u rezonansi izrais\u012bju\u0161\u0101m nelaimes. \u0136ekavas novada pa\u0161vald\u012bbas b\u016bvvalde aizliedza ekspluat\u0113t ugunsgr\u0113k\u0101 cietu\u0161o \u0113ku t\u0101s boj\u0101t\u0101 st\u0101vok\u013ca d\u0113\u013c .<\/p>\n<p>Ugunsgr\u0113ki \u2013 neaicin\u0101ti viesi, kas at\u0146em dz\u012bv\u012bbas<\/p>\n<p>Ugunsnelaimes Latvij\u0101, diem\u017e\u0113l, nav retums. Valsts ugunsdz\u0113s\u012bbas un gl\u0101b\u0161anas dienesta (VUGD) statistika liecina, ka p\u0113d\u0113jo asto\u0146u gadu laik\u0101 ugunsgr\u0113kos dz\u012bv\u012bbu zaud\u0113ju\u0161i 612 cilv\u0113ki . Tikai 2023. gad\u0101 Latvij\u0101 tika re\u0123istr\u0113ti 6401 ugunsgr\u0113ki, no kuriem 1739 bija dz\u012bvojam\u0101s m\u0101j\u0101s . Lai gan kop\u0113jais ugunsgr\u0113ku skaits p\u0113d\u0113jos gados ir nedaudz samazin\u0101jies, to sekas joproj\u0101m ir \u013coti smagas. Bie\u017ei vien par ugunsgr\u0113ka c\u0113loni k\u013c\u016bst neuzman\u012bga r\u012bc\u012bba ar uguni, neatbilsto\u0161a elektroier\u012b\u010du ekspluat\u0101cija vai nepietiekama apkures sist\u0113mu uztur\u0113\u0161ana. P\u0113d\u0113j\u0101 laik\u0101 nov\u0113rots ar\u012b tas, ka vair\u0101kos gad\u012bjumos d\u016bmu detektori nav biju\u0161i uzst\u0101d\u012bti .<\/p>\n<p>Paz\u012bstam\u0101kie ugunsgr\u0113ki, kas satrieca sabiedr\u012bbu<\/p>\n<p>Atskatoties uz p\u0113d\u0113jiem diviem gadu desmitiem, atcer\u0113simies da\u017eus no dramatisk\u0101kajiem ugunsgr\u0113kiem Latvij\u0101, kas izrais\u012bja pla\u0161u rezonansi. K\u0101ds smags ugunsgr\u0113ks notika 2026. gada 11. janv\u0101r\u012b R\u012bg\u0101, Imantas mikrorajon\u0101, kur daudzdz\u012bvok\u013cu m\u0101j\u0101 dega dz\u012bvoklis. No \u0113kas tika evaku\u0113ti 36 cilv\u0113ki, viens guva savainojumus . Savuk\u0101rt 2026. gada 19. janv\u0101r\u012b Ventspil\u012b uz P. Stradi\u0146a ielas notika ugunsnelaim\u0113, kur\u0101 cieta tr\u012bs cilv\u0113ki, bet tika izgl\u0101bti septi\u0146i. T\u0101pat vair\u0101ki cilv\u0113ki cietu\u0161i ugunsgr\u0113kos Jelgav\u0101 . 2019. gada mart\u0101 Jelgav\u0101, biju\u0161\u0101s RAF r\u016bpn\u012bcas teritorij\u0101, izc\u0113l\u0101s paaugstin\u0101tas b\u012bstam\u012bbas ugunsgr\u0113ks, kas sk\u0101ra ra\u017eo\u0161anas \u0113ku aptuveni 1600 kvadr\u0101tmetru plat\u012bb\u0101 un kur\u0101 cieta \u010detri cilv\u0113ki no g\u016btaj\u0101m d\u016bmu saind\u0113\u0161an\u0101s . Ir biju\u0161i ar\u012b gad\u012bjumi, kad liesmas piln\u012bb\u0101 noposta dz\u012bvojam\u0101s m\u0101jas, piem\u0113ram, 2026. gada 22. janv\u0101r\u012b Kuld\u012bgas novad\u0101, kur dega divst\u0101vu dz\u012bvojam\u0101 m\u0101ja, vienu cilv\u0113ku izgl\u0101bjot no otr\u0101 st\u0101va, bet otrs diem\u017e\u0113l g\u0101ja boj\u0101 .<\/p>\n<p>Me\u017eu ugunsgr\u0113ki un to sekas<\/p>\n<p>Papildus dz\u012bvojam\u0101m m\u0101j\u0101m, sabiedr\u012bbu satrauc ar\u012b me\u017eu ugunsgr\u0113ki, kas var izpost\u012bt pla\u0161as teritorijas un rad\u012bt iev\u0113rojamu kait\u0113jumu videi. Lai gan 2023. gads Eiropas Savien\u012bb\u0101 kopum\u0101 bijis viens no smag\u0101kajiem dabas ugunsgr\u0113ku zi\u0146\u0101 p\u0113d\u0113j\u0101s div\u0101s desmitgad\u0113s, Latvij\u0101 situ\u0101cija bijusi mier\u012bg\u0101ka. 2023. gad\u0101 Latvij\u0101 konstat\u0113ti 571 me\u017ea ugunsgr\u0113ks, kas kopum\u0101 sk\u0101ru\u0161i 622,46 hekt\u0101rus zemes . Liel\u0101kais me\u017ea ugunsgr\u0113ks izc\u0113l\u0101s \u0100da\u017eos, kur\u0101 dega 53,11 hekt\u0101ri zemes. Lai gan klimata p\u0101rmai\u0146as un sausums veicina ugunsb\u012bstam\u012bbu , VUGD statistika liecina, ka k\u016blas ugunsgr\u0113ku skaits ir samazin\u0101jies .<\/p>\n<p>Prevencija un dro\u0161\u012bba \u2013 kop\u012bgs pien\u0101kums<\/p>\n<p>Lai nov\u0113rstu tra\u0123\u0113dijas, VUGD nep\u0101rtraukti aicina iedz\u012bvot\u0101jus b\u016bt atbild\u012bgiem un iev\u0113rot ugunsdro\u0161\u012bbas noteikumus. Tas ietver gan r\u016bp\u012bgu apkures sist\u0113mu uztur\u0113\u0161anu, gan uzman\u012bbu ar elektroier\u012bc\u0113m un atkl\u0101tu liesmu. D\u016bmu detektoru uzst\u0101d\u012b\u0161ana m\u0101jokl\u012b ir \u013coti svar\u012bgs solis, kas var gl\u0101bt dz\u012bv\u012bbas. Sabiedr\u012bbas inform\u0113t\u012bba un savstarp\u0113j\u0101 pal\u012bdz\u012bba kr\u012bzes situ\u0101cij\u0101s ir b\u016btiska, lai mazin\u0101tu sekas un sniegtu atbalstu cietu\u0161ajiem.<\/p>\n","protected":false},"excerpt":{"rendered":"Tra\u0123\u0113dija \u0136ekav\u0101 \u2013 smag\u0101k\u0101 no p\u0113d\u0113j\u0101 laika nelaimes \u0160\u0101 gada 16. janv\u0101r\u012b sabiedr\u012bbu satricin\u0101ja zi\u0146a par divu b\u0113rnu&hellip;\n","protected":false},"author":2,"featured_media":113372,"comment_status":"","ping_status":"","sticky":false,"template":"","format":"standard","meta":{"footnotes":""},"categories":[12],"tags":[23,28,29,334,25859,32,33,22,30,31,35,39,38,36,37,34,40,20,26,27,24,25,23249,26385,4908,21],"class_list":{"0":"post-113371","1":"post","2":"type-post","3":"status-publish","4":"format-standard","5":"has-post-thumbnail","7":"category-latvija","8":"tag-aktualitates","9":"tag-breaking-news","10":"tag-breakingnews","11":"tag-drosiba","12":"tag-dzivibas-zaudejums","13":"tag-featured-news","14":"tag-featurednews","15":"tag-headlines","16":"tag-latest-news","17":"tag-latestnews","18":"tag-latvia","19":"tag-latvian","20":"tag-latviesu","21":"tag-latviesu-valoda","22":"tag-latviesuvaloda","23":"tag-latvija","24":"tag-lv","25":"tag-news","26":"tag-popularakas-zinas","27":"tag-popularakaszinas","28":"tag-top-stories","29":"tag-topstories","30":"tag-tragedijas","31":"tag-ugunsgreki-latvija","32":"tag-vugd","33":"tag-zinas"},"share_on_mastodon":{"url":"https:\/\/pubeurope.com\/@lv\/115957023522418013","error":""},"_links":{"self":[{"href":"https:\/\/www.europesays.com\/lv\/wp-json\/wp\/v2\/posts\/113371","targetHints":{"allow":["GET"]}}],"collection":[{"href":"https:\/\/www.europesays.com\/lv\/wp-json\/wp\/v2\/posts"}],"about":[{"href":"https:\/\/www.europesays.com\/lv\/wp-json\/wp\/v2\/types\/post"}],"author":[{"embeddable":true,"href":"https:\/\/www.europesays.com\/lv\/wp-json\/wp\/v2\/users\/2"}],"replies":[{"embeddable":true,"href":"https:\/\/www.europesays.com\/lv\/wp-json\/wp\/v2\/comments?post=113371"}],"version-history":[{"count":0,"href":"https:\/\/www.europesays.com\/lv\/wp-json\/wp\/v2\/posts\/113371\/revisions"}],"wp:featuredmedia":[{"embeddable":true,"href":"https:\/\/www.europesays.com\/lv\/wp-json\/wp\/v2\/media\/113372"}],"wp:attachment":[{"href":"https:\/\/www.europesays.com\/lv\/wp-json\/wp\/v2\/media?parent=113371"}],"wp:term":[{"taxonomy":"category","embeddable":true,"href":"https:\/\/www.europesays.com\/lv\/wp-json\/wp\/v2\/categories?post=113371"},{"taxonomy":"post_tag","embeddable":true,"href":"https:\/\/www.europesays.com\/lv\/wp-json\/wp\/v2\/tags?post=113371"}],"curies":[{"name":"wp","href":"https:\/\/api.w.org\/{rel}","templated":true}]}}