{"id":113382,"date":"2026-01-25T18:13:11","date_gmt":"2026-01-25T18:13:11","guid":{"rendered":"https:\/\/www.europesays.com\/lv\/113382\/"},"modified":"2026-01-25T18:13:11","modified_gmt":"2026-01-25T18:13:11","slug":"tramps-oficiali-izveido-miera-padomi-ungarija-vieniga-es-valsts-kas-pievienojusies-lente-lv","status":"publish","type":"post","link":"https:\/\/www.europesays.com\/lv\/113382\/","title":{"rendered":"Tramps ofici\u0101li izveido Miera padomi; Ung\u0101rija \u2013 vien\u012bg\u0101 ES valsts, kas pievienojusies\u00a0\u2014\u00a0Lente.lv"},"content":{"rendered":"<p>Tramps iepaz\u012bstina ar jauno Miera padomi Davos\u0101<\/p>\n<p>ASV prezidents Donalds Tramps ceturtdien, Pasaules ekonomikas foruma laik\u0101 Davos\u0101, ir ofici\u0101li izveidojis savu Miera padomi, parakstot t\u0101s dibin\u0101\u0161anas dokumentu. \u0160\u012b padome, kas s\u0101kotn\u0113ji tika iecer\u0113ta k\u0101 strukt\u016bra Gazas joslas atjauno\u0161anas uzraudz\u012bbai, ir papla\u0161in\u0101ta, lai risin\u0101tu konfliktus vis\u0101 pasaul\u0113. Tramps, kur\u0161 ir ar\u012b padomes priek\u0161s\u0113d\u0113t\u0101js, izteicies, ka \u0161\u012b strukt\u016bra var\u0113tu konkur\u0113t ar Apvienoto N\u0101ciju Organiz\u0101ciju (ANO) vai pat to aizst\u0101t. K\u0101 inform\u0113 Latvijas Sabiedriskie Mediji, ceremonij\u0101 piedal\u012bj\u0101s apm\u0113ram 20 valstu vad\u012bt\u0101ji, parakstot hartu.<\/p>\n<p>Ung\u0101rija \u2013 vien\u012bg\u0101 ES dal\u012bbvalsts<\/p>\n<p>No Eiropas Savien\u012bbas valst\u012bm padomei pievienojusies tikai Ung\u0101rija, ko apliecin\u0101jis ar\u012b premjerministrs Viktors Orb\u0101ns, pie\u0146emot Trampa uzaicin\u0101jumu. Ar\u012b Bulg\u0101rija ir min\u0113ta k\u0101 valsts, kas pievienojusies padomei. Savuk\u0101rt V\u0101cijas kanclers Olafs \u0160olcs noraid\u012bjis ideju par pievieno\u0161anos padomei t\u0101s pa\u0161reiz\u0113j\u0101 form\u0101t\u0101, lai gan paudis gatav\u012bbu izp\u0113t\u012bt jaunas sadarb\u012bbas formas ar ASV. L\u012bdz\u012bgu nost\u0101ju ie\u0146\u0113musi Francija, kas nol\u0113musi nepievienoties, ba\u017e\u012bjoties par padomes iesp\u0113jamo ANO aizst\u0101\u0161anu.<\/p>\n<p>Dal\u012bbas nosac\u012bjumi un kritika<\/p>\n<p>Padomes dibin\u0101\u0161anas dokumenta parakst\u012bt\u0101jiem ir pied\u0101v\u0101ta past\u0101v\u012bga dal\u012bba par vienu miljardu ASV dol\u0101ru iemaksu. Citas valstis var\u0113s b\u016bt dal\u012bbnieces ar ierobe\u017eotu pilnvaru termi\u0146u, kas paredz\u0113ts tr\u012bs gadiem. Lai gan Tramps apgalvo, ka daudzas valstis v\u0113las pievienoties, vair\u0101ku diplom\u0101tu un ekspertu vid\u016b izskan\u0113ju\u0161as ba\u017eas par padomes mand\u0101tu, le\u0123itimit\u0101ti un t\u0101s potenci\u0101lo izaicin\u0101jumu eso\u0161aj\u0101m starptautiskaj\u0101m instit\u016bcij\u0101m, \u012bpa\u0161i ANO. Da\u017ei mediji to rakturo k\u0101 \u201cklubu, kur\u0101 dal\u012bba maks\u0101 naudu\u201d (pay-to-play club), kur\u0101 lojalit\u0101te un finansi\u0101l\u0101 ietekme var\u0113tu p\u0101rsv\u0113rt starptautisk\u0101s ties\u012bbas.<\/p>\n<p>Starptautisk\u0101 reakcija<\/p>\n<p>ASV prezidents ir pazi\u0146ojis, ka 59 valstis ir piekritu\u0161as pievienoties, ta\u010du parakstu ceremonij\u0101 piedal\u012bj\u0101s p\u0101rst\u0101vji no 19 valst\u012bm. Starptautisk\u0101 sabiedr\u012bba uz jaunizveidoto padomi raug\u0101s piesardz\u012bgi. Da\u017ei l\u012bderi, tostarp Braz\u012blijas prezidents Luiss Inasiu Lula da Silva, ir kritiz\u0113ju\u0161i Trampu par m\u0113\u0123in\u0101jumu izveidot jaunu ANO aizst\u0101j\u0113ju. Tiek ar\u012b paustas ba\u017eas par uzaicin\u0101jumiem, kas nos\u016bt\u012bti autorit\u0101riem l\u012bderiem, piem\u0113ram, Baltkrievijas prezidentam Aleksandram Luka\u0161enko un Krievijas prezidentam Vladimiram Putinam. Da\u017eas valstis, piem\u0113ram, Norv\u0113\u0123ija un Zviedrija, ir nor\u0101d\u012bju\u0161as, ka nepiedal\u012bsies \u0161aj\u0101 iniciat\u012bv\u0101.<\/p>\n","protected":false},"excerpt":{"rendered":"Tramps iepaz\u012bstina ar jauno Miera padomi Davos\u0101 ASV prezidents Donalds Tramps ceturtdien, Pasaules ekonomikas foruma laik\u0101 Davos\u0101, ir&hellip;\n","protected":false},"author":2,"featured_media":113383,"comment_status":"","ping_status":"","sticky":false,"template":"","format":"standard","meta":{"footnotes":""},"categories":[14],"tags":[23,57,28,29,18212,542,32,33,22,30,31,35,39,38,36,37,34,40,25650,20,26,27,2258,24,25,2497,54,55,56,21,58],"class_list":{"0":"post-113382","1":"post","2":"type-post","3":"status-publish","4":"format-standard","5":"has-post-thumbnail","7":"category-zinas-no-arvalstim","8":"tag-aktualitates","9":"tag-arvalstim","10":"tag-breaking-news","11":"tag-breakingnews","12":"tag-davosa","13":"tag-donalds-tramps","14":"tag-featured-news","15":"tag-featurednews","16":"tag-headlines","17":"tag-latest-news","18":"tag-latestnews","19":"tag-latvia","20":"tag-latvian","21":"tag-latviesu","22":"tag-latviesu-valoda","23":"tag-latviesuvaloda","24":"tag-latvija","25":"tag-lv","26":"tag-miera-padome","27":"tag-news","28":"tag-popularakas-zinas","29":"tag-popularakaszinas","30":"tag-starptautiskas-attiecibas","31":"tag-top-stories","32":"tag-topstories","33":"tag-ungarija","34":"tag-world","35":"tag-world-news","36":"tag-worldnews","37":"tag-zinas","38":"tag-zinas-no-arvalstim"},"share_on_mastodon":{"url":"","error":"Validation failed: Text character limit of 500 exceeded"},"_links":{"self":[{"href":"https:\/\/www.europesays.com\/lv\/wp-json\/wp\/v2\/posts\/113382","targetHints":{"allow":["GET"]}}],"collection":[{"href":"https:\/\/www.europesays.com\/lv\/wp-json\/wp\/v2\/posts"}],"about":[{"href":"https:\/\/www.europesays.com\/lv\/wp-json\/wp\/v2\/types\/post"}],"author":[{"embeddable":true,"href":"https:\/\/www.europesays.com\/lv\/wp-json\/wp\/v2\/users\/2"}],"replies":[{"embeddable":true,"href":"https:\/\/www.europesays.com\/lv\/wp-json\/wp\/v2\/comments?post=113382"}],"version-history":[{"count":0,"href":"https:\/\/www.europesays.com\/lv\/wp-json\/wp\/v2\/posts\/113382\/revisions"}],"wp:featuredmedia":[{"embeddable":true,"href":"https:\/\/www.europesays.com\/lv\/wp-json\/wp\/v2\/media\/113383"}],"wp:attachment":[{"href":"https:\/\/www.europesays.com\/lv\/wp-json\/wp\/v2\/media?parent=113382"}],"wp:term":[{"taxonomy":"category","embeddable":true,"href":"https:\/\/www.europesays.com\/lv\/wp-json\/wp\/v2\/categories?post=113382"},{"taxonomy":"post_tag","embeddable":true,"href":"https:\/\/www.europesays.com\/lv\/wp-json\/wp\/v2\/tags?post=113382"}],"curies":[{"name":"wp","href":"https:\/\/api.w.org\/{rel}","templated":true}]}}