{"id":113410,"date":"2026-01-25T18:47:17","date_gmt":"2026-01-25T18:47:17","guid":{"rendered":"https:\/\/www.europesays.com\/lv\/113410\/"},"modified":"2026-01-25T18:47:17","modified_gmt":"2026-01-25T18:47:17","slug":"latvijas-florbola-savieniba-lv-2025-2026-jaunumi-nnd-rjtc-pedeja-perioda-tiek-gala-ar-kekavietem","status":"publish","type":"post","link":"https:\/\/www.europesays.com\/lv\/113410\/","title":{"rendered":"Latvijas Florbola savien\u012bba \u00bb LV \u00bb 2025\/2026 \u00bb Jaunumi \u00bb &#8220;NND\/RJTC&#8221; p\u0113d\u0113j\u0101 period\u0101 tiek gal\u0101 ar \u0137ekaviet\u0113m"},"content":{"rendered":"<p>&#8220;NND\/RJTC&#8221; p\u0113d\u0113j\u0101 period\u0101 tiek gal\u0101 ar \u0137ekaviet\u0113m<\/p>\n<p><\/p>\n<p>\t\t\t\t\t<img decoding=\"async\" src=\"https:\/\/www.europesays.com\/lv\/wp-content\/uploads\/2026\/01\/nnd_fin_025.jpg\" class=\"news-title-image\" width=\"292.5\" alt=\"nnd_fin_025.jpg\" title=\"&quot;NND\/RJTC&quot; p\u0113d\u0113j\u0101 period\u0101 tiek gal\u0101 ar \u0137ekaviet\u0113m\" \/><\/p>\n<p style=\"text-align: justify;\">Spraigu c\u012b\u0146u ELVI florbola l\u012bg\u0101 sieviet\u0113m \u0161odien aizvad\u012bja komandas &#8220;NND\/RJTC&#8221; (R\u012bga) un &#8220;FK \u0136ekava\/Latvijas Mediji&#8221;. P\u0113c div\u0101m tre\u0161da\u013c\u0101m vad\u012bb\u0101 ar 1:0 atrad\u0101s \u0137ekavietes, bet p\u0113d\u0113j\u0101 period\u0101 R\u012bgas komanda guva piecus v\u0101rtus un svin\u0113ja pan\u0101kumu ar <a href=\"https:\/\/www.floorball.lv\/lv\/2025\/proto\/52345-nnd-kek\" rel=\"nofollow noopener\" target=\"_blank\">5:2<\/a>.<\/p>\n<p>\u00a0<\/p>\n<p style=\"text-align: justify;\">Sp\u0113le notika Ulbrokas sporta kompleks\u0101, bet m\u0101jinie\u010du lom\u0101 bija R\u012bgas florbolistes. Pirmaj\u0101 period\u0101 neviens v\u0101rtu guvums fiks\u0113ts netika, bet 38. min\u016bt\u0113 Patr\u012bcija Kubuli\u0146a vad\u012bb\u0101 ar 1:0 izvirz\u012bja \u0137ekavietes. P\u0113d\u0113j\u0101 tre\u0161da\u013c\u0101 r\u012bdzinieces Anni P\u016bmalainena, El\u012bne D\u012bce, D\u0101rta Derupa un Loreta Nemiro vad\u012bb\u0101 ar 4:1 izvirz\u012bja savu komandu. Piecas min\u016btes pirms pamatlaika beig\u0101m \u0137ekaviete Annija D\u0101rta Dankfelde vienus v\u0101rtus atguva (2:4). Punktu \u0161ai c\u012b\u0146ai ar v\u0101rtu guvumu pielika Klinta M\u0101rti\u0146j\u0113kaba, nodro\u0161inot komandas &#8220;NND\/RJTC&#8221; uzvaru ar 5:2.<\/p>\n<p style=\"text-align: justify;\">\u00a0<\/p>\n<p style=\"text-align: justify;\">&#8220;NND\/RJTC&#8221;\u00a0\u2013 &#8220;FK \u0136ekava\/Latvijas Mediji&#8221; &#8211; 5:2\u00a0(0:0, 0:1, 5:1)<\/p>\n<p style=\"text-align: justify;\">Metienu attiec\u012bba:<\/p>\n<p style=\"text-align: justify;\">30:14\u00a0(10:3; 8:5; 12:6)<\/p>\n<p style=\"text-align: justify;\">Rezultat\u012bv\u0101k\u0101s:<\/p>\n<p style=\"text-align: justify;\">&#8220;NND\/RJTC&#8221;\u00a0\u2013 Loreta Nemiro 2 (1+1), Klinta M\u0101rti\u0146j\u0113kaba 2 (1+1), El\u012bna D\u012bce 2 (1+1), D\u0101rta Derupa 1 (1+0), Anni P\u016bmalainena 1 (1+0), Klinta Rov\u012bte 1 (0+1).<\/p>\n<p style=\"text-align: justify;\">&#8220;FK \u0136ekava\/Latvijas Mediji&#8221;\u00a0\u2013 Patr\u012bcija Kubuli\u0146a 1 (1+0), Annija D\u0101rta Dankfelde 1 (1+0), Samanta B\u0113rzi\u0146a 1 (0+1).<\/p>\n<tr>\n<td style=\"text-align:center;\"><a href=\"https:\/\/www.floorball.lv\/out.php?id=229&amp;url=http%3A%2F%2Felvi.lv\" target=\"_blank\" title=\"ELVI\" rel=\"nofollow noopener\"><br \/>\n\t\t\t\t\t<img loading=\"lazy\" decoding=\"async\" class=\"banner_news_bottom\" src=\"https:\/\/www.europesays.com\/lv\/wp-content\/uploads\/2025\/11\/1537294665.jpg\" width=\"233\" height=\"66\" alt=\"ELVI\" \/><br \/>\n\t\t\t\t<\/a><\/td>\n<td style=\"text-align:center;\"><a href=\"https:\/\/www.floorball.lv\/out.php?id=334&amp;url=http%3A%2F%2Flino.lv\" target=\"_blank\" title=\"OXDOG\" rel=\"nofollow noopener\"><br \/>\n\t\t\t\t\t<img loading=\"lazy\" decoding=\"async\" class=\"banner_news_bottom\" src=\"https:\/\/www.europesays.com\/lv\/wp-content\/uploads\/2025\/09\/1531398467.jpg\" width=\"233\" height=\"66\" alt=\"OXDOG\" \/><br \/>\n\t\t\t\t<\/a><\/td>\n<\/tr>\n","protected":false},"excerpt":{"rendered":"&#8220;NND\/RJTC&#8221; p\u0113d\u0113j\u0101 period\u0101 tiek gal\u0101 ar \u0137ekaviet\u0113m Spraigu c\u012b\u0146u ELVI florbola l\u012bg\u0101 sieviet\u0113m \u0161odien aizvad\u012bja komandas &#8220;NND\/RJTC&#8221; (R\u012bga)&hellip;\n","protected":false},"author":2,"featured_media":113411,"comment_status":"","ping_status":"","sticky":false,"template":"","format":"standard","meta":{"footnotes":""},"categories":[17],"tags":[405,1665,26518,26517,4734,19963,35,39,38,36,37,34,40,176,67,10104],"class_list":{"0":"post-113410","1":"post","2":"type-post","3":"status-publish","4":"format-standard","5":"has-post-thumbnail","7":"category-sports","8":"tag-405","9":"tag-darta","10":"tag-derupa","11":"tag-izvirzija","12":"tag-kekava-latvijas","13":"tag-klinta","14":"tag-latvia","15":"tag-latvian","16":"tag-latviesu","17":"tag-latviesu-valoda","18":"tag-latviesuvaloda","19":"tag-latvija","20":"tag-lv","21":"tag-rigas","22":"tag-sports","23":"tag-vadiba"},"share_on_mastodon":{"url":"https:\/\/pubeurope.com\/@lv\/115957231954282066","error":""},"_links":{"self":[{"href":"https:\/\/www.europesays.com\/lv\/wp-json\/wp\/v2\/posts\/113410","targetHints":{"allow":["GET"]}}],"collection":[{"href":"https:\/\/www.europesays.com\/lv\/wp-json\/wp\/v2\/posts"}],"about":[{"href":"https:\/\/www.europesays.com\/lv\/wp-json\/wp\/v2\/types\/post"}],"author":[{"embeddable":true,"href":"https:\/\/www.europesays.com\/lv\/wp-json\/wp\/v2\/users\/2"}],"replies":[{"embeddable":true,"href":"https:\/\/www.europesays.com\/lv\/wp-json\/wp\/v2\/comments?post=113410"}],"version-history":[{"count":0,"href":"https:\/\/www.europesays.com\/lv\/wp-json\/wp\/v2\/posts\/113410\/revisions"}],"wp:featuredmedia":[{"embeddable":true,"href":"https:\/\/www.europesays.com\/lv\/wp-json\/wp\/v2\/media\/113411"}],"wp:attachment":[{"href":"https:\/\/www.europesays.com\/lv\/wp-json\/wp\/v2\/media?parent=113410"}],"wp:term":[{"taxonomy":"category","embeddable":true,"href":"https:\/\/www.europesays.com\/lv\/wp-json\/wp\/v2\/categories?post=113410"},{"taxonomy":"post_tag","embeddable":true,"href":"https:\/\/www.europesays.com\/lv\/wp-json\/wp\/v2\/tags?post=113410"}],"curies":[{"name":"wp","href":"https:\/\/api.w.org\/{rel}","templated":true}]}}