{"id":113429,"date":"2026-01-25T19:09:07","date_gmt":"2026-01-25T19:09:07","guid":{"rendered":"https:\/\/www.europesays.com\/lv\/113429\/"},"modified":"2026-01-25T19:09:07","modified_gmt":"2026-01-25T19:09:07","slug":"sak-izsutit-pazinojumus-par-ipasumu-atsavinasanu-pretmobilitates-vajadzibam-pierobeza","status":"publish","type":"post","link":"https:\/\/www.europesays.com\/lv\/113429\/","title":{"rendered":"S\u0101k izs\u016bt\u012bt pazi\u0146ojumus par \u012bpa\u0161umu atsavin\u0101\u0161anu pretmobilit\u0101tes vajadz\u012bb\u0101m pierobe\u017e\u0101"},"content":{"rendered":"<p class=\"MsoNormal\">L\u0113n\u0101k nek\u0101 s\u0101kotn\u0113ji pl\u0101nots, tapu\u0161i normat\u012bvie akti, un tikai p\u0113rn decembra beig\u0101s apstiprin\u0101ja \u012bpa\u0161umu sarakstu, kas b\u016bs nepiecie\u0161ams pa\u0161as pirm\u0101s k\u0101rtas darbiem. \u201cEs teiktu, ka tom\u0113r sal\u012bdzino\u0161i uz m\u016bsu kaimi\u0146u fondu m\u0113s esam izdar\u012bju\u0161i daudz. Nevien\u0101 valst\u012b nav \u0161\u0101ds likums, k\u0101 m\u0113s esam izg\u0101ju\u0161i cauri parlamentam,\u201d saka aizsardz\u012bbas ministrs Andris Spr\u016bds (\u201cProgres\u012bvie\u201d). P\u0113c iebildes, ka ar likumu tankus neaptur\u0113s, ministrs turpina: \u201cLikums ir tas, kas sak\u0101rto \u0161o vidi. Likums ir tas, kas nosaka skaidrus principus. Likums ir tas, kas aizst\u0101v cilv\u0113kus un dara vi\u0146iem ar\u012b to skaidr\u012bbu par to, k\u0101d\u0101 veid\u0101 m\u0113s ejam uz priek\u0161u. T\u0101p\u0113c ar\u012b \u0161is skaidrojo\u0161ais darbs. Bet t\u0101 efektivit\u0101te un \u0101trums \u0161aj\u0101 gad\u012bjum\u0101 &#8211; ja \u0101trums ir tikai efektivit\u0101te, tas ir svar\u012bgi. Bet v\u0113lreiz, un skaidrs, ka, k\u0101 es min\u0113ju, m\u0113s procesa gait\u0101 pa\u0161i m\u0101c\u0101mies, k\u0101 pilnveidot gan \u0161o sadarb\u012bbu, gan konkr\u0113to \u0161\u0137\u0113r\u0161\u013cu izvieto\u0161anu, ko prasa ar\u012b milit\u0101rie pl\u0101ni, gan, protams, mums ir \u013coti cie\u0161a sadarb\u012bba ar\u012b ar m\u016bsu NATO sabiedrotajiem.\u201d<\/p>\n","protected":false},"excerpt":{"rendered":"L\u0113n\u0101k nek\u0101 s\u0101kotn\u0113ji pl\u0101nots, tapu\u0161i normat\u012bvie akti, un tikai p\u0113rn decembra beig\u0101s apstiprin\u0101ja \u012bpa\u0161umu sarakstu, kas b\u016bs nepiecie\u0161ams&hellip;\n","protected":false},"author":2,"featured_media":113430,"comment_status":"","ping_status":"","sticky":false,"template":"","format":"standard","meta":{"footnotes":""},"categories":[5],"tags":[23,625,28,29,685,32,33,22,30,31,35,39,38,36,37,34,1589,40,4139,20,26,27,24,25,21],"class_list":{"0":"post-113429","1":"post","2":"type-post","3":"status-publish","4":"format-standard","5":"has-post-thumbnail","7":"category-aktualitates","8":"tag-aktualitates","9":"tag-austrumu-robeza","10":"tag-breaking-news","11":"tag-breakingnews","12":"tag-de-facto","13":"tag-featured-news","14":"tag-featurednews","15":"tag-headlines","16":"tag-latest-news","17":"tag-latestnews","18":"tag-latvia","19":"tag-latvian","20":"tag-latviesu","21":"tag-latviesu-valoda","22":"tag-latviesuvaloda","23":"tag-latvija","24":"tag-latvijas-un-baltkrievijas-robeza","25":"tag-lv","26":"tag-nekustamais-ipasums","27":"tag-news","28":"tag-popularakas-zinas","29":"tag-popularakaszinas","30":"tag-top-stories","31":"tag-topstories","32":"tag-zinas"},"share_on_mastodon":{"url":"https:\/\/pubeurope.com\/@lv\/115957318433323590","error":""},"_links":{"self":[{"href":"https:\/\/www.europesays.com\/lv\/wp-json\/wp\/v2\/posts\/113429","targetHints":{"allow":["GET"]}}],"collection":[{"href":"https:\/\/www.europesays.com\/lv\/wp-json\/wp\/v2\/posts"}],"about":[{"href":"https:\/\/www.europesays.com\/lv\/wp-json\/wp\/v2\/types\/post"}],"author":[{"embeddable":true,"href":"https:\/\/www.europesays.com\/lv\/wp-json\/wp\/v2\/users\/2"}],"replies":[{"embeddable":true,"href":"https:\/\/www.europesays.com\/lv\/wp-json\/wp\/v2\/comments?post=113429"}],"version-history":[{"count":0,"href":"https:\/\/www.europesays.com\/lv\/wp-json\/wp\/v2\/posts\/113429\/revisions"}],"wp:featuredmedia":[{"embeddable":true,"href":"https:\/\/www.europesays.com\/lv\/wp-json\/wp\/v2\/media\/113430"}],"wp:attachment":[{"href":"https:\/\/www.europesays.com\/lv\/wp-json\/wp\/v2\/media?parent=113429"}],"wp:term":[{"taxonomy":"category","embeddable":true,"href":"https:\/\/www.europesays.com\/lv\/wp-json\/wp\/v2\/categories?post=113429"},{"taxonomy":"post_tag","embeddable":true,"href":"https:\/\/www.europesays.com\/lv\/wp-json\/wp\/v2\/tags?post=113429"}],"curies":[{"name":"wp","href":"https:\/\/api.w.org\/{rel}","templated":true}]}}