{"id":113437,"date":"2026-01-25T19:19:19","date_gmt":"2026-01-25T19:19:19","guid":{"rendered":"https:\/\/www.europesays.com\/lv\/113437\/"},"modified":"2026-01-25T19:19:19","modified_gmt":"2026-01-25T19:19:19","slug":"video-%e2%9f%a9-asv-federalie-agenti-mineapole-nosauj-virieti-2","status":"publish","type":"post","link":"https:\/\/www.europesays.com\/lv\/113437\/","title":{"rendered":"VIDEO \u27e9 ASV feder\u0101lie a\u0123enti Mineapol\u0113 no\u0161auj v\u012brieti"},"content":{"rendered":"<p>Tikai da\u017eas ned\u0113\u013cas p\u0113c Ren\u0113 Nikolas Maklinas-Gudas no\u0161au\u0161anas feder\u0101lie a\u0123enti Mineapol\u0113 ir nogalin\u0101ju\u0161i v\u0113l vienu cilv\u0113ku. Mineapoles policijas priek\u0161nieks Braiens O&#8217;Hara preses konferenc\u0113 pazi\u0146oja, ka boj\u0101 g\u0101ju\u0161ais, visticam\u0101k, ir 37 gadus vecs baltais v\u012brietis no Mineapoles, ASV pilsonis. Vi\u0146\u0161 guvis vair\u0101kas \u0161autas br\u016bces un no g\u016btajiem ievainojumiem miris. Zi\u0146u a\u0123ent\u016bra AP iepriek\u0161 zi\u0146oja par 51 gadus vecu v\u012brieti.<\/p>\n","protected":false},"excerpt":{"rendered":"Tikai da\u017eas ned\u0113\u013cas p\u0113c Ren\u0113 Nikolas Maklinas-Gudas no\u0161au\u0161anas feder\u0101lie a\u0123enti Mineapol\u0113 ir nogalin\u0101ju\u0161i v\u0113l vienu cilv\u0113ku. Mineapoles policijas&hellip;\n","protected":false},"author":2,"featured_media":112639,"comment_status":"","ping_status":"","sticky":false,"template":"","format":"standard","meta":{"footnotes":""},"categories":[14],"tags":[23,57,292,28,29,542,32,33,22,30,31,35,39,38,36,37,34,40,20,26,27,24,25,54,55,56,21,58],"class_list":{"0":"post-113437","1":"post","2":"type-post","3":"status-publish","4":"format-standard","5":"has-post-thumbnail","7":"category-zinas-no-arvalstim","8":"tag-aktualitates","9":"tag-arvalstim","10":"tag-asv","11":"tag-breaking-news","12":"tag-breakingnews","13":"tag-donalds-tramps","14":"tag-featured-news","15":"tag-featurednews","16":"tag-headlines","17":"tag-latest-news","18":"tag-latestnews","19":"tag-latvia","20":"tag-latvian","21":"tag-latviesu","22":"tag-latviesu-valoda","23":"tag-latviesuvaloda","24":"tag-latvija","25":"tag-lv","26":"tag-news","27":"tag-popularakas-zinas","28":"tag-popularakaszinas","29":"tag-top-stories","30":"tag-topstories","31":"tag-world","32":"tag-world-news","33":"tag-worldnews","34":"tag-zinas","35":"tag-zinas-no-arvalstim"},"share_on_mastodon":{"url":"https:\/\/pubeurope.com\/@lv\/115957357792262982","error":""},"_links":{"self":[{"href":"https:\/\/www.europesays.com\/lv\/wp-json\/wp\/v2\/posts\/113437","targetHints":{"allow":["GET"]}}],"collection":[{"href":"https:\/\/www.europesays.com\/lv\/wp-json\/wp\/v2\/posts"}],"about":[{"href":"https:\/\/www.europesays.com\/lv\/wp-json\/wp\/v2\/types\/post"}],"author":[{"embeddable":true,"href":"https:\/\/www.europesays.com\/lv\/wp-json\/wp\/v2\/users\/2"}],"replies":[{"embeddable":true,"href":"https:\/\/www.europesays.com\/lv\/wp-json\/wp\/v2\/comments?post=113437"}],"version-history":[{"count":0,"href":"https:\/\/www.europesays.com\/lv\/wp-json\/wp\/v2\/posts\/113437\/revisions"}],"wp:featuredmedia":[{"embeddable":true,"href":"https:\/\/www.europesays.com\/lv\/wp-json\/wp\/v2\/media\/112639"}],"wp:attachment":[{"href":"https:\/\/www.europesays.com\/lv\/wp-json\/wp\/v2\/media?parent=113437"}],"wp:term":[{"taxonomy":"category","embeddable":true,"href":"https:\/\/www.europesays.com\/lv\/wp-json\/wp\/v2\/categories?post=113437"},{"taxonomy":"post_tag","embeddable":true,"href":"https:\/\/www.europesays.com\/lv\/wp-json\/wp\/v2\/tags?post=113437"}],"curies":[{"name":"wp","href":"https:\/\/api.w.org\/{rel}","templated":true}]}}