{"id":113438,"date":"2026-01-25T19:21:08","date_gmt":"2026-01-25T19:21:08","guid":{"rendered":"https:\/\/www.europesays.com\/lv\/113438\/"},"modified":"2026-01-25T19:21:08","modified_gmt":"2026-01-25T19:21:08","slug":"noskaties-%e2%9f%a9-zzs-saspele-ar-opoziciju-pienem-likumu-ko-prezidents-atdod-atpakal-saeimai","status":"publish","type":"post","link":"https:\/\/www.europesays.com\/lv\/113438\/","title":{"rendered":"NOSKATIES \u27e9 ZZS sasp\u0113l\u0113 ar opoz\u012bciju pie\u0146em likumu, ko prezidents atdod atpaka\u013c Saeimai"},"content":{"rendered":"<blockquote class=\"quote ck-widget\" contenteditable=\"false\">\n<p>Saeimas gaite\u0146os dzird versijas, ka groz\u012bjumi var\u0113tu skart ar\u012b advok\u0101ta M\u0101rti\u0146a Bunkus slepkav\u012bbas lietu. \u0160aj\u0101 proces\u0101 K\u016btris reiz gatavojis aps\u016bdz\u0113tajiem labv\u0113l\u012bgu atzinumu.<\/p>\n<\/blockquote>\n<p class=\"MsoNormal\">Pats deput\u0101ts noliedz, ka vi\u0146a iesniegtais str\u012bd\u012bgais priek\u0161likumus esot saist\u012bts ar k\u0101du vienu konkr\u0113tu krimin\u0101llietu. \u201cEs no 2005.gada str\u0101d\u0101ju ar krimin\u0101lprocesu. Un neviens Latvijas jurists vai zin\u0101tnieks nenoliegs, ka es str\u0101d\u0101ju ar to noda\u013cu, kas run\u0101 par mantiskajiem jaut\u0101jumiem. Un es perfekti zinu, kas ir mantas arests,\u201d teic K\u016btris.<\/p>\n<p class=\"MsoNormal\">Deput\u0101ts paliek uzskata, ka vi\u0146a str\u012bd\u012bgais priek\u0161likums esot gana labs. Vi\u0146\u0161 prognoz\u0113, ka otrreiz\u0113jas caurskat\u012b\u0161anas gad\u012bjum\u0101, visticam\u0101k, b\u016bs j\u0101vienojas par k\u0101du kompromisa variantu.<\/p>\n<p class=\"MsoNormal\">Valsts prezidents Rink\u0113vi\u010ds piektdien p\u0113c atgrie\u0161an\u0101s no Pasaules Ekonomikas foruma Davos\u0101 pie\u0146\u0113ma l\u0113mumu likumu nodot Saeimai otrreiz\u0113jai caurl\u016bko\u0161anai, jo groz\u012bjumi \u201crada jaunas tiesiski nenoteiktas situ\u0101cijas\u201d.<\/p>\n<p class=\"MsoNormal\">Prezidents cent\u0101s saklaus\u012bt abu pu\u0161u argumentus: \u201cJ\u0101saka, ka k\u0101 parasti, nav melns un balts \u0161\u0101dos jaut\u0101jumos. (..) Es ceru uz to, ka <a href=\"https:\/\/www.tvnet.lv\/term\/556185\/saeima\" class=\"topicLink\" target=\"_blank\" rel=\"nofollow noopener\">Saeima<\/a> ieklaus\u012bsies priek\u0161likum\u0101, kas ir izteikts otrreiz\u0113j\u0101s caurl\u016bko\u0161anas v\u0113stul\u0113, atrast \u0161o te sam\u0113r\u012bgo kompromisu starp izmekl\u0113\u0161anas un ties\u012bbaizsardz\u012bbas interes\u0113m un p\u0101r\u0113j\u0101m interes\u0113m.\u201d<\/p>\n<p class=\"MsoNormal\">Rink\u0113vi\u010da pied\u0101v\u0101jums paredz, ka visp\u0101r\u012bgi aizskartais mantas \u012bpa\u0161nieks var piepras\u012bt kait\u0113juma atl\u012bdz\u012bbu p\u0113c gal\u012bg\u0101 nol\u0113muma sp\u0113k\u0101 st\u0101\u0161an\u0101s krimin\u0101lproces\u0101, ta\u010du kait\u0113jumu var\u0113tu atl\u012bdzin\u0101t uzreiz p\u0113c mantas aresta atcel\u0161anas, ja procesa virz\u012bt\u0101js guvis p\u0101rliec\u012bbu, ka manta nav noziedz\u012bgi ieg\u016bta vai saist\u012bta ar noziegumu.<\/p>\n<p class=\"MsoNormal\">Saeimas priek\u0161s\u0113d\u0113t\u0101ja Daiga Mieri\u0146a (ZZS) piektdien p\u0113c \u0101rlietu augst\u0101ko amatpersonu tik\u0161an\u0101s R\u012bgas pil\u012b neatbild\u0113ja, vai ZZS \u0161aj\u0101 jaut\u0101jum\u0101 var\u0113tu piek\u0101pties, bet parasti deput\u0101ti atrodot \u201czelta vidusce\u013cu\u201d.<\/p>\n","protected":false},"excerpt":{"rendered":"Saeimas gaite\u0146os dzird versijas, ka groz\u012bjumi var\u0113tu skart ar\u012b advok\u0101ta M\u0101rti\u0146a Bunkus slepkav\u012bbas lietu. \u0160aj\u0101 proces\u0101 K\u016btris reiz&hellip;\n","protected":false},"author":2,"featured_media":113439,"comment_status":"","ping_status":"","sticky":false,"template":"","format":"standard","meta":{"footnotes":""},"categories":[5],"tags":[23,28,29,685,816,32,33,6277,22,30,31,35,39,38,36,37,34,15760,40,20,26,27,141,24,25,21,666],"class_list":{"0":"post-113438","1":"post","2":"type-post","3":"status-publish","4":"format-standard","5":"has-post-thumbnail","7":"category-aktualitates","8":"tag-aktualitates","9":"tag-breaking-news","10":"tag-breakingnews","11":"tag-de-facto","12":"tag-edgars-rinkevics","13":"tag-featured-news","14":"tag-featurednews","15":"tag-gunars-kutris","16":"tag-headlines","17":"tag-latest-news","18":"tag-latestnews","19":"tag-latvia","20":"tag-latvian","21":"tag-latviesu","22":"tag-latviesu-valoda","23":"tag-latviesuvaloda","24":"tag-latvija","25":"tag-likumi","26":"tag-lv","27":"tag-news","28":"tag-popularakas-zinas","29":"tag-popularakaszinas","30":"tag-saeima","31":"tag-top-stories","32":"tag-topstories","33":"tag-zinas","34":"tag-zzs"},"share_on_mastodon":{"url":"https:\/\/pubeurope.com\/@lv\/115957365625442679","error":""},"_links":{"self":[{"href":"https:\/\/www.europesays.com\/lv\/wp-json\/wp\/v2\/posts\/113438","targetHints":{"allow":["GET"]}}],"collection":[{"href":"https:\/\/www.europesays.com\/lv\/wp-json\/wp\/v2\/posts"}],"about":[{"href":"https:\/\/www.europesays.com\/lv\/wp-json\/wp\/v2\/types\/post"}],"author":[{"embeddable":true,"href":"https:\/\/www.europesays.com\/lv\/wp-json\/wp\/v2\/users\/2"}],"replies":[{"embeddable":true,"href":"https:\/\/www.europesays.com\/lv\/wp-json\/wp\/v2\/comments?post=113438"}],"version-history":[{"count":0,"href":"https:\/\/www.europesays.com\/lv\/wp-json\/wp\/v2\/posts\/113438\/revisions"}],"wp:featuredmedia":[{"embeddable":true,"href":"https:\/\/www.europesays.com\/lv\/wp-json\/wp\/v2\/media\/113439"}],"wp:attachment":[{"href":"https:\/\/www.europesays.com\/lv\/wp-json\/wp\/v2\/media?parent=113438"}],"wp:term":[{"taxonomy":"category","embeddable":true,"href":"https:\/\/www.europesays.com\/lv\/wp-json\/wp\/v2\/categories?post=113438"},{"taxonomy":"post_tag","embeddable":true,"href":"https:\/\/www.europesays.com\/lv\/wp-json\/wp\/v2\/tags?post=113438"}],"curies":[{"name":"wp","href":"https:\/\/api.w.org\/{rel}","templated":true}]}}