{"id":113491,"date":"2026-01-25T21:09:07","date_gmt":"2026-01-25T21:09:07","guid":{"rendered":"https:\/\/www.europesays.com\/lv\/113491\/"},"modified":"2026-01-25T21:09:07","modified_gmt":"2026-01-25T21:09:07","slug":"zelenskis-problematisku-jautajumu-kluvis-mazak-apollo-lv","status":"publish","type":"post","link":"https:\/\/www.europesays.com\/lv\/113491\/","title":{"rendered":"Zelenskis: Problem\u0101tisku jaut\u0101jumu k\u013cuvis maz\u0101k &#8211; Apollo.lv"},"content":{"rendered":"<ol>\n<li><a href=\"https:\/\/news.google.com\/rss\/articles\/CBMiggFBVV95cUxQZ2FVQ3p1MHY1Y0hYWW1icWNWaWFyNkVJbTNNWlZob2Q2aGpsdl9pdkZtVFpWZE9CeEdwcmFXZkNHeHBVeW1lQ2VPWE5KaG91SUlHN3FGQlp4dE54V3lLaUZFOC1qR0plWGxhUmNWUGhYX2RPTml4cGdIczNDS25MX1Z3?oc=5\" target=\"_blank\" rel=\"nofollow noopener\">Zelenskis: Problem\u0101tisku jaut\u0101jumu k\u013cuvis maz\u0101k<\/a>&nbsp;&nbsp;Apollo.lv<\/li>\n<li><a href=\"https:\/\/news.google.com\/rss\/articles\/CBMiwgFBVV95cUxPdGRJTjlIcXdVbVdKRzJyaU9OS0I5cFdSMzdjaW1PZFNvZnJwSFVQRDB4eGd5RkwxQXVQamxIckF1bGtTLVZNc2l1R0FVcnlCVkJ5RFEzaG9Cb2N6SnpvOThuY01OZUtpMXUyYnlXWngyMHpJSVE5ZmVUWTZxRlNXOHowdFcxQU5BRHhURkdSRWE2aHR6RWIzallZeTR6TEtYTk9iV1N0d21UWG5PM0xHR25LQUFPbFJyVFZPdzUwMVVlUQ?oc=5\" target=\"_blank\" rel=\"nofollow noopener\">Zelenskis: Problem\u0101tisku jaut\u0101jumu k\u013cuvis maz\u0101k, ta\u010du Ukraina savas teritorijas neatdos<\/a>&nbsp;&nbsp;Jauns.lv<\/li>\n<li><a href=\"https:\/\/news.google.com\/rss\/articles\/CBMie0FVX3lxTFBLRk5vX2NraGlyY1NQRnpTM29HN1BLRXVScUdWSlFrN1UyTGdXeWc4LWpNLXZBb1ZEYUgzVnQ2VVg5a1M2cVd6czFPZ2JDR3VHbjRNR0pIaHV0SGNfRVRpdVQ3aHdJOVlSanA5ajFrYU1hcnEwTlVlYlVkMA?oc=5\" target=\"_blank\" rel=\"nofollow noopener\">&#8220;Reuters&#8221; atkl\u0101j domstarp\u012bbas miera sarun\u0101s<\/a>&nbsp;&nbsp;Apollo.lv<\/li>\n<li><a href=\"https:\/\/news.google.com\/rss\/articles\/CBMivAFBVV95cUxPSDlXeFFtOHZrX1FTWUlMbEczam9OOHhaTV9BSnBrZ3NTckJjOVQtelZHNW1sM3BkTElaRzFUeFV6YXZaSDdTaXZWRHZid3AyM3JobnJlbmFOWnlSNTRNZTdWV25QS0JIcTRmMGg5SDVIc29MNFBuQmdpdmx1Wl9CYzZ2ODM3ODduXzdKTkRkVmNsZkZZSU5qbEtxTkRYSHdzcWFKa1lGYWluY2hoclU2bUl5bmk2djRTZUFCWg?oc=5\" target=\"_blank\" rel=\"nofollow noopener\">\u201cPutina ra\u0137etes tr\u0101p\u012bja ne tikai ukrai\u0146iem\u2026\u201d Miera sarunas Ab\u016b Dab\u012b uz izjuk\u0161anas robe\u017eas<\/a>&nbsp;&nbsp;LA.LV<\/li>\n<li><a href=\"https:\/\/news.google.com\/rss\/articles\/CBMitAFBVV95cUxObkFKb3ptUUx0R3AtQ255YkdIbXR5cjRHY0QteUQtMVRJVUpCejJBN1ZLZFdSLV9udlpJOXZOMWFwZE8xeDBOUGNGMDN4bjFwSkQtaGhNcjl4OVFUMENvMTNhMTI3UXlUaG5ZR0FxbDNwVUFnUWh2aVJ2Y2FlZEptNHo3Y3FhLWhiOFdsUXE4R3FZRlpfd3F2aDJ3Q0QyWDdqbXRpa2FJaXpUeFFHMmtXRkxjMHA?oc=5\" target=\"_blank\" rel=\"nofollow noopener\">Nosl\u0113gusies ASV, Krievijas un Ukrainas deleg\u0101ciju otr\u0101 sarunu k\u0101rta (plkst. 17.55)<\/a>&nbsp;&nbsp;Delfi<\/li>\n<\/ol>\n","protected":false},"excerpt":{"rendered":"Zelenskis: Problem\u0101tisku jaut\u0101jumu k\u013cuvis maz\u0101k&nbsp;&nbsp;Apollo.lv Zelenskis: Problem\u0101tisku jaut\u0101jumu k\u013cuvis maz\u0101k, ta\u010du Ukraina savas teritorijas neatdos&nbsp;&nbsp;Jauns.lv &#8220;Reuters&#8221; atkl\u0101j domstarp\u012bbas&hellip;\n","protected":false},"author":2,"featured_media":98608,"comment_status":"","ping_status":"","sticky":false,"template":"","format":"standard","meta":{"footnotes":""},"categories":[5],"tags":[23,28,29,427,32,33,22,234,74,30,31,35,39,38,36,37,34,40,20,26,27,24,25,276,178,21],"class_list":{"0":"post-113491","1":"post","2":"type-post","3":"status-publish","4":"format-standard","5":"has-post-thumbnail","7":"category-aktualitates","8":"tag-aktualitates","9":"tag-breaking-news","10":"tag-breakingnews","11":"tag-eiropa","12":"tag-featured-news","13":"tag-featurednews","14":"tag-headlines","15":"tag-krievija","16":"tag-krievijas-iebrukums-ukraina","17":"tag-latest-news","18":"tag-latestnews","19":"tag-latvia","20":"tag-latvian","21":"tag-latviesu","22":"tag-latviesu-valoda","23":"tag-latviesuvaloda","24":"tag-latvija","25":"tag-lv","26":"tag-news","27":"tag-popularakas-zinas","28":"tag-popularakaszinas","29":"tag-top-stories","30":"tag-topstories","31":"tag-ukraina","32":"tag-volodimirs-zelenskis","33":"tag-zinas"},"share_on_mastodon":{"url":"https:\/\/pubeurope.com\/@lv\/115957790337411546","error":""},"_links":{"self":[{"href":"https:\/\/www.europesays.com\/lv\/wp-json\/wp\/v2\/posts\/113491","targetHints":{"allow":["GET"]}}],"collection":[{"href":"https:\/\/www.europesays.com\/lv\/wp-json\/wp\/v2\/posts"}],"about":[{"href":"https:\/\/www.europesays.com\/lv\/wp-json\/wp\/v2\/types\/post"}],"author":[{"embeddable":true,"href":"https:\/\/www.europesays.com\/lv\/wp-json\/wp\/v2\/users\/2"}],"replies":[{"embeddable":true,"href":"https:\/\/www.europesays.com\/lv\/wp-json\/wp\/v2\/comments?post=113491"}],"version-history":[{"count":0,"href":"https:\/\/www.europesays.com\/lv\/wp-json\/wp\/v2\/posts\/113491\/revisions"}],"wp:featuredmedia":[{"embeddable":true,"href":"https:\/\/www.europesays.com\/lv\/wp-json\/wp\/v2\/media\/98608"}],"wp:attachment":[{"href":"https:\/\/www.europesays.com\/lv\/wp-json\/wp\/v2\/media?parent=113491"}],"wp:term":[{"taxonomy":"category","embeddable":true,"href":"https:\/\/www.europesays.com\/lv\/wp-json\/wp\/v2\/categories?post=113491"},{"taxonomy":"post_tag","embeddable":true,"href":"https:\/\/www.europesays.com\/lv\/wp-json\/wp\/v2\/tags?post=113491"}],"curies":[{"name":"wp","href":"https:\/\/api.w.org\/{rel}","templated":true}]}}