{"id":113498,"date":"2026-01-25T21:32:13","date_gmt":"2026-01-25T21:32:13","guid":{"rendered":"https:\/\/www.europesays.com\/lv\/113498\/"},"modified":"2026-01-25T21:32:13","modified_gmt":"2026-01-25T21:32:13","slug":"video-%e2%9f%a9-pierobezas-iedzivotaji-sak-sanemt-pazinojumus-par-ipasumu-atsavinasanu-pretmobilitates-vajadzibam","status":"publish","type":"post","link":"https:\/\/www.europesays.com\/lv\/113498\/","title":{"rendered":"VIDEO \u27e9 Pierobe\u017eas iedz\u012bvot\u0101ji s\u0101k sa\u0146emt pazi\u0146ojumus par \u012bpa\u0161umu atsavin\u0101\u0161anu pretmobilit\u0101tes vajadz\u012bb\u0101m"},"content":{"rendered":"<p>Pretmobilit\u0101tes ietvaros paredz\u0113to b\u016bvdarbu veik\u0161ana uztic\u0113ta VAS \u201cValsts nekustamie \u012bpa\u0161umi\u201d (VN\u012a). Uz\u0146\u0113mums pras\u012bbas no Aizsardz\u012bbas ministrijas sa\u0146\u0113mis decembra vid\u016b, un v\u0113l gatavo specifik\u0101ciju pirmajiem iepirkumiem. Paral\u0113li nosl\u0113gusies pretendentu pieteik\u0161an\u0101s tr\u012bs aptauj\u0101s par sakaru tor\u0146u b\u016bv\u0113\u0161anu, prettanku gr\u0101vju izveidi un \u0161\u0137\u0113r\u0161\u013cu izvieto\u0161anu, k\u0101 ar\u012b to glab\u0101\u0161anas laukumu izveidi. Pieteiku\u0161os uz\u0146\u0113mumus izv\u0113rt\u0113s dro\u0161\u012bbas iest\u0101des un tikai tad tos aicin\u0101s iesniegt konkr\u0113tus cenu pied\u0101v\u0101jumus. Aizsardz\u012bbas ministrs apgalvo, ka b\u016bvdarbi \u0161ogad uzs\u0101ksies, un visu pag\u016bs izdar\u012bt paredz\u0113taj\u0101 laik\u0101.<\/p>\n<p>L\u012bgums nosl\u0113gts par prettanku m\u012bnu ieg\u0101d\u0113m. Savuk\u0101rt par to, k\u0101 tikt pie k\u0101jnieku m\u012bn\u0101m, kas \u0161obr\u012bd netiek ra\u017eotas, notiek kop\u012bgas konsult\u0101cijas ar Somiju, Poliju un Lietuvu. \u201cL\u012bdz ar to atliek, vai nu pa\u0161iem ra\u017eot, vai nu pa\u0161iem re\u0123ion\u0101 ra\u017eot. T\u0101pat ar\u012b Somijas industrija, kura jau pavisam nesen \u0161\u012bs m\u012bnas ir ra\u017eojusi, ir teiku\u0161i, ka vi\u0146i ats\u0101ks ra\u017eot, jo tagad vi\u0146i ar\u012b ir izst\u0101ju\u0161ies no \u0161\u012bs konvencijas, kas aizliedza. Un t\u0101 k\u0101 tas ir tikai laika jaut\u0101jums, kad re\u0123ion\u0101 b\u016bs kapacit\u0101te, bet vienlaikus m\u0113s ar\u012b. \u0160oned\u0113\u013c vai \u0161om\u0113nes vai n\u0101kamm\u0113nes ar\u012b ar viet\u0113jo industriju apzin\u0101m vi\u0146u intereses un kapacit\u0101tes \u0161aj\u0101 jom\u0101,\u201d nor\u0101da Aizsardz\u012bbas ministrijas valsts sekret\u0101rs Aivars Puri\u0146\u0161.<\/p>\n<p>Baltijas aizsardz\u012bbas l\u012bnija j\u0101izb\u016bv\u0113 l\u012bdz 2028. gadam, tai kopum\u0101 atv\u0113l\u0113ti 303 miljoni eiro, (tostarp 40 miljoni materi\u0101ltehnisko l\u012bdzek\u013cu ieg\u0101dei robe\u017esardzes vajadz\u012bb\u0101m). Finans\u0113jums paredz\u0113ts ne tikai gr\u0101vju rak\u0161anai un \u0161\u0137\u0113r\u0161\u013cu ieg\u0101dei un izvieto\u0161anai, bet ar\u012b m\u012bnu, distances m\u012bn\u0113\u0161anas sist\u0113mu, da\u017e\u0101du sensoru, k\u0101 ar\u012b rite\u0146u artil\u0113rijas ieg\u0101dei.<\/p>\n<p>No min\u0113tajiem 303 miljoniem eiro iepriek\u0161\u0113jos divos gados izlietoti 65 miljoni, \u0161aj\u0101 gad\u0101 pl\u0101noti darbi 55 miljonu apm\u0113r\u0101, p\u0101r\u0113j\u0101 summa sapl\u0101nota 27. un 28. gadam.<\/p>\n<p>Video: &#8220;De facto&#8221; si\u017eets<\/p>\n","protected":false},"excerpt":{"rendered":"Pretmobilit\u0101tes ietvaros paredz\u0113to b\u016bvdarbu veik\u0161ana uztic\u0113ta VAS \u201cValsts nekustamie \u012bpa\u0161umi\u201d (VN\u012a). Uz\u0146\u0113mums pras\u012bbas no Aizsardz\u012bbas ministrijas sa\u0146\u0113mis decembra&hellip;\n","protected":false},"author":2,"featured_media":113422,"comment_status":"","ping_status":"","sticky":false,"template":"","format":"standard","meta":{"footnotes":""},"categories":[12],"tags":[1546,626,23,1056,625,28,29,26519,32,33,22,30,31,35,39,38,36,37,34,1590,40,20,26,27,1588,24,25,21],"class_list":{"0":"post-113498","1":"post","2":"type-post","3":"status-publish","4":"format-standard","5":"has-post-thumbnail","7":"category-latvija","8":"tag-aizsardziba","9":"tag-aizsardzibas-ministrija","10":"tag-aktualitates","11":"tag-aluksne","12":"tag-austrumu-robeza","13":"tag-breaking-news","14":"tag-breakingnews","15":"tag-dzive-pierobeza","16":"tag-featured-news","17":"tag-featurednews","18":"tag-headlines","19":"tag-latest-news","20":"tag-latestnews","21":"tag-latvia","22":"tag-latvian","23":"tag-latviesu","24":"tag-latviesu-valoda","25":"tag-latviesuvaloda","26":"tag-latvija","27":"tag-latvijas-robeza","28":"tag-lv","29":"tag-news","30":"tag-popularakas-zinas","31":"tag-popularakaszinas","32":"tag-robeza","33":"tag-top-stories","34":"tag-topstories","35":"tag-zinas"},"share_on_mastodon":{"url":"https:\/\/pubeurope.com\/@lv\/115957880811260309","error":""},"_links":{"self":[{"href":"https:\/\/www.europesays.com\/lv\/wp-json\/wp\/v2\/posts\/113498","targetHints":{"allow":["GET"]}}],"collection":[{"href":"https:\/\/www.europesays.com\/lv\/wp-json\/wp\/v2\/posts"}],"about":[{"href":"https:\/\/www.europesays.com\/lv\/wp-json\/wp\/v2\/types\/post"}],"author":[{"embeddable":true,"href":"https:\/\/www.europesays.com\/lv\/wp-json\/wp\/v2\/users\/2"}],"replies":[{"embeddable":true,"href":"https:\/\/www.europesays.com\/lv\/wp-json\/wp\/v2\/comments?post=113498"}],"version-history":[{"count":0,"href":"https:\/\/www.europesays.com\/lv\/wp-json\/wp\/v2\/posts\/113498\/revisions"}],"wp:featuredmedia":[{"embeddable":true,"href":"https:\/\/www.europesays.com\/lv\/wp-json\/wp\/v2\/media\/113422"}],"wp:attachment":[{"href":"https:\/\/www.europesays.com\/lv\/wp-json\/wp\/v2\/media?parent=113498"}],"wp:term":[{"taxonomy":"category","embeddable":true,"href":"https:\/\/www.europesays.com\/lv\/wp-json\/wp\/v2\/categories?post=113498"},{"taxonomy":"post_tag","embeddable":true,"href":"https:\/\/www.europesays.com\/lv\/wp-json\/wp\/v2\/tags?post=113498"}],"curies":[{"name":"wp","href":"https:\/\/api.w.org\/{rel}","templated":true}]}}