{"id":113523,"date":"2026-01-25T22:02:11","date_gmt":"2026-01-25T22:02:11","guid":{"rendered":"https:\/\/www.europesays.com\/lv\/113523\/"},"modified":"2026-01-25T22:02:11","modified_gmt":"2026-01-25T22:02:11","slug":"noskaties-%e2%9f%a9-izmekle-iespejami-neatlautu-arstniecibu-un-aizdomas-par-seksualu-vardarbibu","status":"publish","type":"post","link":"https:\/\/www.europesays.com\/lv\/113523\/","title":{"rendered":"NOSKATIES \u27e9 Izmekl\u0113 iesp\u0113jami neat\u013cautu \u0101rstniec\u012bbu un aizdomas par seksu\u0101lu vardarb\u012bbu"},"content":{"rendered":"<p class=\"MsoNormal\">Taj\u0101 pa\u0161\u0101 vakar\u0101 p\u0113c viz\u012btes Lelde policij\u0101 uzrakst\u012bja iesniegumu. Policija s\u0101ka krimin\u0101lprocesu p\u0113c Krimin\u0101llikuma 160. panta \u2014 par seksu\u0101lu vardarb\u012bbu. J\u0101piebilst, ka Leldes viz\u012bte norisin\u0101j\u0101s kabinet\u0101 bez lieciniekiem, t\u0101p\u0113c to neatkar\u012bgi p\u0101rbaud\u012bt nav iesp\u0113jams \u2014 apst\u0101k\u013cus skaidros policija, izmantojot speci\u0101las izmekl\u0113\u0161anas metodes.<\/p>\n<p class=\"MsoNormal\">Pats Medians kl\u0101tienes intervijai nepiekrita. Vi\u0146u ar\u012b neizdev\u0101s sastapt kabinet\u0101 Vecr\u012bg\u0101. Ta\u010du telefonsarun\u0101 vi\u0146\u0161 noliedz gan to, ka jebkad b\u016btu k\u0101dai sievietei nev\u0113lami piesk\u0101ries, gan ar\u012b to, ka vi\u0146a pakalpojum\u0101 ietilpst mas\u0101\u017ea. Vi\u0146\u0161 ar\u012b nor\u0101da, ka nav main\u012bjis uzv\u0101rdu. \u201cNevaru koment\u0113t \u0161\u0101du lietu, jo, pirmk\u0101rt, ir tas, ka es neko t\u0101du nedaru, un cilv\u0113ki, kas n\u0101k, vi\u0146a dab\u016b man atbalstu un pal\u012bdz\u012bbu. Citiem es varu pal\u012bdz\u0113t, citiem es nevaru pal\u012bdz\u0113t. Ja k\u0101ds saka, ka kaut kur kaut kas ir noticis, kaut kas piesk\u0101ries, tad t\u0101s ir gal\u012bgas nepaties\u012bba. Es pat grib\u0113tu teikt \u2013 m\u0101n\u012b\u0161an\u0101s,\u201d pau\u017e Medians.<\/p>\n","protected":false},"excerpt":{"rendered":"Taj\u0101 pa\u0161\u0101 vakar\u0101 p\u0113c viz\u012btes Lelde policij\u0101 uzrakst\u012bja iesniegumu. Policija s\u0101ka krimin\u0101lprocesu p\u0113c Krimin\u0101llikuma 160. panta \u2014 par&hellip;\n","protected":false},"author":2,"featured_media":113524,"comment_status":"","ping_status":"","sticky":false,"template":"","format":"standard","meta":{"footnotes":""},"categories":[12],"tags":[23,28,29,685,32,33,22,30,31,35,39,38,36,37,34,40,20,26,27,504,24,25,787,21],"class_list":{"0":"post-113523","1":"post","2":"type-post","3":"status-publish","4":"format-standard","5":"has-post-thumbnail","7":"category-latvija","8":"tag-aktualitates","9":"tag-breaking-news","10":"tag-breakingnews","11":"tag-de-facto","12":"tag-featured-news","13":"tag-featurednews","14":"tag-headlines","15":"tag-latest-news","16":"tag-latestnews","17":"tag-latvia","18":"tag-latvian","19":"tag-latviesu","20":"tag-latviesu-valoda","21":"tag-latviesuvaloda","22":"tag-latvija","23":"tag-lv","24":"tag-news","25":"tag-popularakas-zinas","26":"tag-popularakaszinas","27":"tag-seksuala-vardarbiba","28":"tag-top-stories","29":"tag-topstories","30":"tag-veselibas-aprupe","31":"tag-zinas"},"share_on_mastodon":{"url":"https:\/\/pubeurope.com\/@lv\/115957998717966428","error":""},"_links":{"self":[{"href":"https:\/\/www.europesays.com\/lv\/wp-json\/wp\/v2\/posts\/113523","targetHints":{"allow":["GET"]}}],"collection":[{"href":"https:\/\/www.europesays.com\/lv\/wp-json\/wp\/v2\/posts"}],"about":[{"href":"https:\/\/www.europesays.com\/lv\/wp-json\/wp\/v2\/types\/post"}],"author":[{"embeddable":true,"href":"https:\/\/www.europesays.com\/lv\/wp-json\/wp\/v2\/users\/2"}],"replies":[{"embeddable":true,"href":"https:\/\/www.europesays.com\/lv\/wp-json\/wp\/v2\/comments?post=113523"}],"version-history":[{"count":0,"href":"https:\/\/www.europesays.com\/lv\/wp-json\/wp\/v2\/posts\/113523\/revisions"}],"wp:featuredmedia":[{"embeddable":true,"href":"https:\/\/www.europesays.com\/lv\/wp-json\/wp\/v2\/media\/113524"}],"wp:attachment":[{"href":"https:\/\/www.europesays.com\/lv\/wp-json\/wp\/v2\/media?parent=113523"}],"wp:term":[{"taxonomy":"category","embeddable":true,"href":"https:\/\/www.europesays.com\/lv\/wp-json\/wp\/v2\/categories?post=113523"},{"taxonomy":"post_tag","embeddable":true,"href":"https:\/\/www.europesays.com\/lv\/wp-json\/wp\/v2\/tags?post=113523"}],"curies":[{"name":"wp","href":"https:\/\/api.w.org\/{rel}","templated":true}]}}