{"id":113533,"date":"2026-01-25T22:15:14","date_gmt":"2026-01-25T22:15:14","guid":{"rendered":"https:\/\/www.europesays.com\/lv\/113533\/"},"modified":"2026-01-25T22:15:14","modified_gmt":"2026-01-25T22:15:14","slug":"lietuvas-un-polijas-prezidenti-apspriedusi-izmainas-drosibas-vide-1188-lv","status":"publish","type":"post","link":"https:\/\/www.europesays.com\/lv\/113533\/","title":{"rendered":"Lietuvas un Polijas prezidenti apspriedu\u0161i izmai\u0146as dro\u0161\u012bbas vid\u0113 &#8211; 1188.lv"},"content":{"rendered":"<ol>\n<li><a href=\"https:\/\/news.google.com\/rss\/articles\/CBMingFBVV95cUxPRWtIRjRsd1dZY0NBQXAzRWlDTlZlYXRVRzk4TEVMRlVDWEtXMlpPR0V5Zm1rVTJTdFRva1lzMTg4WE05Njc0X3RtM0VVbVNISFVzUWo1SVVoU3I5ZHd2NWoydGwxZ1MwRmFSVmh5WTNnNUhZZF9rbGQteEZya3pzcXA3WUdMX2t0WUJqV0prUjNGYnkxaUZxeWpXNWxLUQ?oc=5\" target=\"_blank\" rel=\"nofollow noopener\">Lietuvas un Polijas prezidenti apspriedu\u0161i izmai\u0146as dro\u0161\u012bbas vid\u0113<\/a>&nbsp;&nbsp;1188.lv<\/li>\n<li><a href=\"https:\/\/news.google.com\/rss\/articles\/CBMicEFVX3lxTE16Y0lpVVVkUVlINHpsU2hTVzNaTWxYRG5QSGJ4by15OS1seDN2c245T1E1czdESl94TFB2UE9tLWNiWDItSmV1cVB1R2Q5UEs4Z0w4dkhKUFJSTmp6QVQwZkx3SmtPalR4V2RDaG5uTS0?oc=5\" target=\"_blank\" rel=\"nofollow noopener\">Zelenskis ieradies Vi\u013c\u0146\u0101<\/a>&nbsp;&nbsp;Jauns.lv<\/li>\n<li><a href=\"https:\/\/news.google.com\/rss\/articles\/CBMiyAFBVV95cUxQVDNoMGtOeHFOQnlvNnBEX29pOE10eFNCcF9TZllnRHNvdFhSZHZUb0h5NVdqYi1KcndnMkZ5VzVyVmYzd19meVE0S2hQZ1dJS0dMVHVqSXhnR29RZE5aNU5GZUc2Nk9mNHQyMmdCNXBsR0FuOG5yX2x3aGZEZVJXdU5TN2wwSWttTTI1X3VBM2d6UUlzQklDT1pzQ3ZrNjUtVlh0RTV3dTJaNEdkM3UtVkk2bDQzTjY1d29ieWdkMW1ZWDBIWnJxYw?oc=5\" target=\"_blank\" rel=\"nofollow noopener\">VIDEO: Ukrainas, Polijas un Lietuvas prezidentu preses konference Vi\u013c\u0146\u0101 \/ Raksts<\/a>&nbsp;&nbsp;LSM<\/li>\n<li><a href=\"https:\/\/news.google.com\/rss\/articles\/CBMiugFBVV95cUxQZ1JBRXQzMTlkZHZEaFZUbml4LVk3RUdJRXFxOXZWdmhoQ2d5amdxeWxOcHhUX3JISUFNRTRFNjhfNFFSU1dFM2xHMFV0bDNuQng4SkRsSkdjQmxaX1Fua2FCWmxQMWNZQUxtZnhUZGdIdmVmb1RzVEVMREpJY2VqM1Rsc09WaF9fbU9WQ2drdmY2VzdUUXI0c0xHS19CS0NhdWxHbWJqTm44R1hySjZDREd0enBpdjRjc1E?oc=5\" target=\"_blank\" rel=\"nofollow noopener\">Ukrainas un Lietuvas prezidenti diskut\u0113ju\u0161i par milit\u0101ro un ener\u0123\u0113tikas atbalstu Ukrainai<\/a>&nbsp;&nbsp;TVNET<\/li>\n<li><a href=\"https:\/\/news.google.com\/rss\/articles\/CBMizAFBVV95cUxNcVZiOWU0RWhqV0NoaEU5OUJYNEc3XzN6bGNTLXE3dGJxcmlIbEk1VHlFU3c3ZmRYWU9uUHRWTDBIVC1tLXZCdGJZVkx6R05fYXM1dUtRM0tOSWdaQll6X0ZuRl92dW5jSUJvb0I2eW80UzRIRTJpVEF1QUdKS3daWUZYZ0drNWY2ZGpLQzVlMlo4ekRyanQwWnVFVnExMUE4RTB4dklEZjU0Z2RRRjhZUGRNaHR6Rk5VU1NMZFRzX2FocEZIVmFZcVF6djQ?oc=5\" target=\"_blank\" rel=\"nofollow noopener\">Maksims Galkins turpina priec\u0101ties par savu jauno t\u0113lu \u2013 b\u0101rdi\u0146u un \u016bsi\u0146\u0101m<\/a>&nbsp;&nbsp;tv3.lv<\/li>\n<\/ol>\n","protected":false},"excerpt":{"rendered":"Lietuvas un Polijas prezidenti apspriedu\u0161i izmai\u0146as dro\u0161\u012bbas vid\u0113&nbsp;&nbsp;1188.lv Zelenskis ieradies Vi\u013c\u0146\u0101&nbsp;&nbsp;Jauns.lv VIDEO: Ukrainas, Polijas un Lietuvas prezidentu preses&hellip;\n","protected":false},"author":2,"featured_media":113534,"comment_status":"","ping_status":"","sticky":false,"template":"","format":"standard","meta":{"footnotes":""},"categories":[5],"tags":[129,343,3360,23,28,29,32,33,22,30,31,35,39,38,36,37,34,40,20,26,27,3361,344,3362,345,24,25,21],"class_list":{"0":"post-113533","1":"post","2":"type-post","3":"status-publish","4":"format-standard","5":"has-post-thumbnail","7":"category-aktualitates","8":"tag-__typenameadvicekeyword","9":"tag-id550","10":"tag-id789","11":"tag-aktualitates","12":"tag-breaking-news","13":"tag-breakingnews","14":"tag-featured-news","15":"tag-featurednews","16":"tag-headlines","17":"tag-latest-news","18":"tag-latestnews","19":"tag-latvia","20":"tag-latvian","21":"tag-latviesu","22":"tag-latviesu-valoda","23":"tag-latviesuvaloda","24":"tag-latvija","25":"tag-lv","26":"tag-news","27":"tag-popularakas-zinas","28":"tag-popularakaszinas","29":"tag-sluglietuva","30":"tag-slugpolija","31":"tag-titlelietuva","32":"tag-titlepolija","33":"tag-top-stories","34":"tag-topstories","35":"tag-zinas"},"share_on_mastodon":{"url":"https:\/\/pubeurope.com\/@lv\/115958049844592217","error":""},"_links":{"self":[{"href":"https:\/\/www.europesays.com\/lv\/wp-json\/wp\/v2\/posts\/113533","targetHints":{"allow":["GET"]}}],"collection":[{"href":"https:\/\/www.europesays.com\/lv\/wp-json\/wp\/v2\/posts"}],"about":[{"href":"https:\/\/www.europesays.com\/lv\/wp-json\/wp\/v2\/types\/post"}],"author":[{"embeddable":true,"href":"https:\/\/www.europesays.com\/lv\/wp-json\/wp\/v2\/users\/2"}],"replies":[{"embeddable":true,"href":"https:\/\/www.europesays.com\/lv\/wp-json\/wp\/v2\/comments?post=113533"}],"version-history":[{"count":0,"href":"https:\/\/www.europesays.com\/lv\/wp-json\/wp\/v2\/posts\/113533\/revisions"}],"wp:featuredmedia":[{"embeddable":true,"href":"https:\/\/www.europesays.com\/lv\/wp-json\/wp\/v2\/media\/113534"}],"wp:attachment":[{"href":"https:\/\/www.europesays.com\/lv\/wp-json\/wp\/v2\/media?parent=113533"}],"wp:term":[{"taxonomy":"category","embeddable":true,"href":"https:\/\/www.europesays.com\/lv\/wp-json\/wp\/v2\/categories?post=113533"},{"taxonomy":"post_tag","embeddable":true,"href":"https:\/\/www.europesays.com\/lv\/wp-json\/wp\/v2\/tags?post=113533"}],"curies":[{"name":"wp","href":"https:\/\/api.w.org\/{rel}","templated":true}]}}