{"id":113567,"date":"2026-01-26T00:39:06","date_gmt":"2026-01-26T00:39:06","guid":{"rendered":"https:\/\/www.europesays.com\/lv\/113567\/"},"modified":"2026-01-26T00:39:06","modified_gmt":"2026-01-26T00:39:06","slug":"lielvarde-unihoc-izcina-svarigu-uzvaru-par-galveno-konkurenti-fbk-sac-lente-lv","status":"publish","type":"post","link":"https:\/\/www.europesays.com\/lv\/113567\/","title":{"rendered":"&#8220;Lielv\u0101rde\/Unihoc&#8221; izc\u012bna svar\u012bgu uzvaru p\u0101r galveno konkurenti &#8220;FBK S\u0100C&#8221;\u00a0\u2014\u00a0Lente.lv"},"content":{"rendered":"<p>Florbolisti nodro\u0161ina uzvaru iz\u0161\u0137iro\u0161\u0101 sp\u0113l\u0113<\/p>\n<p>Florbola ELVI l\u012bgas v\u012brie\u0161iem izsl\u0113g\u0161anas sp\u0113\u013cu c\u012b\u0146\u0101 par kvalific\u0113\u0161anos par svar\u012bgu uzvaru par\u016bp\u0113jusies komanda &#8220;Lielv\u0101rde\/Unihoc&#8221;. Izbraukuma sp\u0113l\u0113 \u0100da\u017eu sporta centr\u0101 pret savu tie\u0161o konkurenci &#8220;FBK S\u0100C&#8221; lielv\u0101rdie\u0161i uzvar\u0113ja ar rezult\u0101tu 9:7. \u0160\u012b uzvara \u013cauj &#8220;Lielv\u0101rde\/Unihoc&#8221; nostiprin\u0101t savu poz\u012bciju turn\u012bra tabul\u0101, saglab\u0101jot re\u0101las cer\u012bbas uz iek\u013c\u016b\u0161anu izsl\u0113g\u0161anas sp\u0113l\u0113s.<\/p>\n<p>Sp\u0113les gaita un iz\u0161\u0137iro\u0161ie momenti<\/p>\n<p>Ma\u010du &#8220;Lielv\u0101rde\/Unihoc&#8221; ies\u0101ka \u013coti p\u0101rliecino\u0161i, pirms pirm\u0101 puslaika vidus pan\u0101kot 3:0 p\u0101rsvaru. V\u0101rtus guva Kl\u0101vs Kaspars, komandas kapteinis Juris Sandis J\u0113gers un Valters Skudra. Lai gan m\u0101jinieki no \u0100da\u017eiem sp\u0113ja atsp\u0113l\u0113t vienus v\u0101rtus vair\u0101kuma situ\u0101cijas izmanto\u0161anas rezult\u0101t\u0101 (1:3), Reinis Kalni\u0146\u0161 pirms p\u0101rtraukuma atjaunoja tr\u012bs v\u0101rtu p\u0101rsvaru viesiem (4:1).<\/p>\n<p>Otr\u0101 tre\u0161da\u013c\u0101 viesu p\u0101rsvars turpin\u0101ja augt, sasniedzot jau piecu v\u0101rtu handikapu \u2013 8:3. \u0160\u0137ita, ka sp\u0113les liktenis ir iz\u0161\u0137irts, tom\u0113r p\u0113d\u0113j\u0101 period\u0101 &#8220;FBK S\u0100C&#8221; demonstr\u0113ja raksturu, g\u016bstot \u010detrus v\u0101rtus un pietuvoties l\u012bdz rezult\u0101tam 7:8. Saspringt\u0101s pamatlaika beigas vainagoj\u0101s ar dramatisku notikumu \u2013 vien tr\u012bs sekundes pirms sp\u0113les beig\u0101m Juris Sandis J\u0113gers guva savus ceturtos v\u0101rtus sp\u0113l\u0113, ieraidot bumbi\u0146u tuk\u0161os m\u0101jinieku v\u0101rtos un nodro\u0161inot &#8220;Lielv\u0101rde\/Unihoc&#8221; uzvaru ar 9:7.<\/p>\n<p>Individu\u0101lais sniegums un komandu statistika<\/p>\n<p>Par sp\u0113les atsl\u0113gas personu &#8220;Lielv\u0101rde\/Unihoc&#8221; sast\u0101v\u0101 k\u013cuva komandas kapteinis Juris Sandis J\u0113gers, kur\u0161 guva 4 v\u0101rtus un tika atz\u012bts par lab\u0101ko sp\u0113l\u0113t\u0101ju uzvar\u0113t\u0101ju rind\u0101s. Vi\u0146a komandas biedri Kl\u0101vs Kaspars un Oskars T\u016bt\u0101ns pievienoja pa diviem rezultat\u012bviem punktiem. &#8220;FBK S\u0100C&#8221; komand\u0101 rezultat\u012bv\u0101kais bija Kevins \u0160mits ar 4 (3+1) punktiem, bet Tomass Kristofers Birsti\u0146\u0161 sakr\u0101ja 3 (1+2) punktus. Sp\u0113les metienu attiec\u012bba bija neiz\u0161\u0137irta \u2013 30:30.<\/p>\n<p>Turn\u012bra tabulas situ\u0101cija un izredzes<\/p>\n<p>P\u0113c \u0161\u012bs uzvaras &#8220;Lielv\u0101rde\/Unihoc&#8221; ar 24 punktiem nostiprin\u0101sies sept\u012btaj\u0101 viet\u0101 ELVI florbola l\u012bgas turn\u012bra tabul\u0101. Savuk\u0101rt &#8220;FBK S\u0100C&#8221; ar 18 punktiem paliek dev\u012btaj\u0101 poz\u012bcij\u0101. \u0160\u012b sp\u0113le bija \u013coti svar\u012bga ab\u0101m komand\u0101m c\u012b\u0146\u0101 par iek\u013c\u016b\u0161anu izsl\u0113g\u0161anas sp\u0113l\u0113s, un &#8220;Lielv\u0101rde\/Unihoc&#8221; guva sev nepiecie\u0161amo p\u0101rsvaru.<\/p>\n<p>P\u0101r\u0113j\u0101s sp\u0113les un kop\u0113j\u0101 situ\u0101cija l\u012bg\u0101<\/p>\n<p>Taj\u0101 pa\u0161\u0101 dien\u0101 notika ar\u012b cita svar\u012bga sp\u0113le, kur\u0101 &#8220;Lekrings&#8221; sav\u0101 laukum\u0101 ar 5:2 uzvar\u0113ja &#8220;\u0136ekava\/RB&amp;B&#8221;. Par lab\u0101ko sp\u0113l\u0113t\u0101ju &#8220;Lekrings&#8221; sast\u0101v\u0101 tika atz\u012bts Roberts Zande, kur\u0161 guva 2 (1+1) punktus. \u0160ie rezult\u0101ti kopum\u0101 ieskic\u0113 spraigo c\u012b\u0146u par poz\u012bcij\u0101m ELVI florbola l\u012bgas v\u012brie\u0161iem turn\u012bra kopv\u0113rt\u0113jum\u0101.<\/p>\n","protected":false},"excerpt":{"rendered":"Florbolisti nodro\u0161ina uzvaru iz\u0161\u0137iro\u0161\u0101 sp\u0113l\u0113 Florbola ELVI l\u012bgas v\u012brie\u0161iem izsl\u0113g\u0161anas sp\u0113\u013cu c\u012b\u0146\u0101 par kvalific\u0113\u0161anos par svar\u012bgu uzvaru par\u016bp\u0113jusies&hellip;\n","protected":false},"author":2,"featured_media":113568,"comment_status":"","ping_status":"","sticky":false,"template":"","format":"standard","meta":{"footnotes":""},"categories":[5],"tags":[23,28,29,4828,21328,32,33,283,22,26550,30,31,35,39,38,36,37,34,3101,40,20,26,27,24,25,21],"class_list":{"0":"post-113567","1":"post","2":"type-post","3":"status-publish","4":"format-standard","5":"has-post-thumbnail","7":"category-aktualitates","8":"tag-aktualitates","9":"tag-breaking-news","10":"tag-breakingnews","11":"tag-elvi-florbola-liga","12":"tag-fbk-sac","13":"tag-featured-news","14":"tag-featurednews","15":"tag-florbols","16":"tag-headlines","17":"tag-juris-sandis-jegers","18":"tag-latest-news","19":"tag-latestnews","20":"tag-latvia","21":"tag-latvian","22":"tag-latviesu","23":"tag-latviesu-valoda","24":"tag-latviesuvaloda","25":"tag-latvija","26":"tag-lielvarde-unihoc","27":"tag-lv","28":"tag-news","29":"tag-popularakas-zinas","30":"tag-popularakaszinas","31":"tag-top-stories","32":"tag-topstories","33":"tag-zinas"},"share_on_mastodon":{"url":"https:\/\/pubeurope.com\/@lv\/115958616192739948","error":""},"_links":{"self":[{"href":"https:\/\/www.europesays.com\/lv\/wp-json\/wp\/v2\/posts\/113567","targetHints":{"allow":["GET"]}}],"collection":[{"href":"https:\/\/www.europesays.com\/lv\/wp-json\/wp\/v2\/posts"}],"about":[{"href":"https:\/\/www.europesays.com\/lv\/wp-json\/wp\/v2\/types\/post"}],"author":[{"embeddable":true,"href":"https:\/\/www.europesays.com\/lv\/wp-json\/wp\/v2\/users\/2"}],"replies":[{"embeddable":true,"href":"https:\/\/www.europesays.com\/lv\/wp-json\/wp\/v2\/comments?post=113567"}],"version-history":[{"count":0,"href":"https:\/\/www.europesays.com\/lv\/wp-json\/wp\/v2\/posts\/113567\/revisions"}],"wp:featuredmedia":[{"embeddable":true,"href":"https:\/\/www.europesays.com\/lv\/wp-json\/wp\/v2\/media\/113568"}],"wp:attachment":[{"href":"https:\/\/www.europesays.com\/lv\/wp-json\/wp\/v2\/media?parent=113567"}],"wp:term":[{"taxonomy":"category","embeddable":true,"href":"https:\/\/www.europesays.com\/lv\/wp-json\/wp\/v2\/categories?post=113567"},{"taxonomy":"post_tag","embeddable":true,"href":"https:\/\/www.europesays.com\/lv\/wp-json\/wp\/v2\/tags?post=113567"}],"curies":[{"name":"wp","href":"https:\/\/api.w.org\/{rel}","templated":true}]}}