{"id":113573,"date":"2026-01-26T00:46:06","date_gmt":"2026-01-26T00:46:06","guid":{"rendered":"https:\/\/www.europesays.com\/lv\/113573\/"},"modified":"2026-01-26T00:46:06","modified_gmt":"2026-01-26T00:46:06","slug":"spanijas-prokurori-izbeidz-izmeklesanu-pret-hulio-iglesiasu-apsudzibu-jurisdikcijas-trukuma-del-lente-lv","status":"publish","type":"post","link":"https:\/\/www.europesays.com\/lv\/113573\/","title":{"rendered":"Sp\u0101nijas prokurori izbeidz izmekl\u0113\u0161anu pret Hulio Iglesiasu aps\u016bdz\u012bbu jurisdikcijas tr\u016bkuma d\u0113\u013c\u00a0\u2014\u00a0Lente.lv"},"content":{"rendered":"<p>Sp\u0101nijas prokurat\u016bra izbeidz izmekl\u0113\u0161anu pret Hulio Iglesiasu<\/p>\n<p>Sp\u0101nijas valsts prokurori ir izbeigu\u0161i s\u0101kotn\u0113jo izmekl\u0113\u0161anu pret slaveno dzied\u0101t\u0101ju Hulio Iglesiasu, kur\u0161 tika aps\u016bdz\u0113ts par seksu\u0101lu uzbrukumu div\u0101m biju\u0161aj\u0101m darbiniec\u0113m. \u0160\u0101ds l\u0113mums pie\u0146emts, jo Sp\u0101nijas Nacion\u0101lajai tiesai tr\u016bkst jurisdikcijas \u0161aj\u0101 konkr\u0113taj\u0101 liet\u0101.<\/p>\n<p>Aps\u016bdz\u012bbas un izmekl\u0113\u0161anas gaita<\/p>\n<p>Aps\u016bdz\u012bbas pret Iglesiasu tika izvirz\u012btas p\u0113c tam, kad divas biju\u0161\u0101s vi\u0146a darbinieces Bahamu sal\u0101s un Dominik\u0101n\u0101 apgalvoja, ka pieredz\u0113ju\u0161as seksu\u0101lu vardarb\u012bbu no dzied\u0101t\u0101ja puses. \u0160ie incidenti, p\u0113c sievie\u0161u teikt\u0101, notiku\u0161i aptuveni 2021. gad\u0101, kad Iglesiasam bija 77 gadi. Viena no apgalvojumu izvirz\u012bt\u0101j\u0101m bija 22 gadus veca. Vi\u0146as zi\u0146ojumos tika detaliz\u0113ti aprakst\u012btas fiziskas, verb\u0101las un psiholo\u0123iskas vardarb\u012bbas, k\u0101 ar\u012b nepiedien\u012bga pieskar\u0161an\u0101s un seksu\u0101las attiec\u012bbas pret pa\u0161u gribu. Sievietes apgalvoja, ka darba vieta, kas piepras\u012bja dz\u012bvo\u0161anu uz vietas, rad\u012bjusi atkar\u012bbas un kontroles atmosf\u0113ru. Izmekl\u0113\u0161anu veico\u0161ie \u017eurn\u0101listi cent\u0101s sazin\u0101ties ar Iglesiasu un vi\u0146a p\u0101rst\u0101vjiem, ta\u010du nesa\u0146\u0113ma atbildi.<\/p>\n<p>Prokurat\u016bras l\u0113muma pamatojums<\/p>\n<p>Sp\u0101nijas prokurat\u016bra, izv\u0113rt\u0113jot iesniegt\u0101s s\u016bdz\u012bbas, secin\u0101ja, ka aprakst\u012btie notikumi, visticam\u0101k, ir risin\u0101ju\u0161ies \u0101rpus Sp\u0101nijas jurisdikcijas. Likuma par jurisdikciju noteikumi nosaka, ka lietu izskat\u012b\u0161anu nosaka tas, kur dz\u012bvo atbild\u0113t\u0101js, kur atrodas str\u012bdus \u012bpa\u0161ums vai kur notiku\u0161as konkr\u0113t\u0101s darb\u012bbas. T\u0101 k\u0101 min\u0113tie incidenti nav notiku\u0161i Sp\u0101nijas teritorij\u0101, Sp\u0101nijas Nacion\u0101lajai tiesai nav ties\u012bbu tos izskat\u012bt.<\/p>\n<p>Iglesiasa reakcija un iepriek\u0161\u0113jie koment\u0101ri<\/p>\n<p>Hulio Iglesias, rea\u0123\u0113jot uz s\u0101kotn\u0113j\u0101m aps\u016bdz\u012bb\u0101m, noliedza savu vainu, uzsverot, ka nekad nav izmantojis vardarb\u012bbu, spiedienu vai iztur\u0113jies ar necie\u0146u pret sieviet\u0113m. Vi\u0146\u0161 izteica dzi\u013cu no\u017e\u0113lu par aps\u016bdz\u012bb\u0101m, raksturojot t\u0101s k\u0101 nepatiesas un sag\u0101d\u0101jam s\u0113ras. Dzied\u0101t\u0101js ar\u012b nor\u0101d\u012bja, ka ilg\u0101s karjeras laik\u0101 nav sask\u0101ries ar l\u012bdz\u012bgu naid\u012bgumu un ir ap\u0146\u0113mies aizst\u0101v\u0113t savu godu un cie\u0146u ties\u0101. Vi\u0146\u0161 pateic\u0101s faniem par atbalstu \u0161aj\u0101 sare\u017e\u0123\u012btaj\u0101 period\u0101.<\/p>\n<p>Turpm\u0101k\u0101s perspekt\u012bvas<\/p>\n<p>Lai gan Sp\u0101nijas prokurat\u016bra izbeigusi s\u0101kotn\u0113jo izmekl\u0113\u0161anu, tas nenoz\u012bm\u0113, ka lietai nav iesp\u0113jams att\u012bst\u012bties cit\u0101s jurisdikcij\u0101s. Aps\u016bdz\u012bbu izvirz\u012bt\u0101jas joproj\u0101m var mekl\u0113t taisn\u012bbu cit\u0101s valst\u012bs, kur\u0101m ir atbilsto\u0161a jurisdikcija attiec\u012bb\u0101 uz notiku\u0161ajiem incidentiem. Sp\u0101nijas tiesu vara ir neatkar\u012bga no izpildu un likumdo\u0161anas var\u0101m. Tiesu sist\u0113ma Sp\u0101nij\u0101 balst\u0101s uz likumiem, para\u017e\u0101m un visp\u0101r\u0113jiem ties\u012bbu principiem, un starptautiskie nol\u012bgumi var k\u013c\u016bt par da\u013cu no valsts ties\u012bbu sist\u0113mas p\u0113c to public\u0113\u0161anas.<\/p>\n","protected":false},"excerpt":{"rendered":"Sp\u0101nijas prokurat\u016bra izbeidz izmekl\u0113\u0161anu pret Hulio Iglesiasu Sp\u0101nijas valsts prokurori ir izbeigu\u0161i s\u0101kotn\u0113jo izmekl\u0113\u0161anu pret slaveno dzied\u0101t\u0101ju Hulio&hellip;\n","protected":false},"author":2,"featured_media":113574,"comment_status":"","ping_status":"","sticky":false,"template":"","format":"standard","meta":{"footnotes":""},"categories":[19],"tags":[89,26551,90,26552,35,39,38,36,37,34,40,374,702,1670],"class_list":{"0":"post-113573","1":"post","2":"type-post","3":"status-publish","4":"format-standard","5":"has-post-thumbnail","7":"category-izklaide","8":"tag-entertainment","9":"tag-hulio-iglesias","10":"tag-izklaide","11":"tag-jurisdikcija","12":"tag-latvia","13":"tag-latvian","14":"tag-latviesu","15":"tag-latviesu-valoda","16":"tag-latviesuvaloda","17":"tag-latvija","18":"tag-lv","19":"tag-prokuratura","20":"tag-seksuala-uzmaksanas","21":"tag-spanija"},"share_on_mastodon":{"url":"https:\/\/pubeurope.com\/@lv\/115958643635729004","error":""},"_links":{"self":[{"href":"https:\/\/www.europesays.com\/lv\/wp-json\/wp\/v2\/posts\/113573","targetHints":{"allow":["GET"]}}],"collection":[{"href":"https:\/\/www.europesays.com\/lv\/wp-json\/wp\/v2\/posts"}],"about":[{"href":"https:\/\/www.europesays.com\/lv\/wp-json\/wp\/v2\/types\/post"}],"author":[{"embeddable":true,"href":"https:\/\/www.europesays.com\/lv\/wp-json\/wp\/v2\/users\/2"}],"replies":[{"embeddable":true,"href":"https:\/\/www.europesays.com\/lv\/wp-json\/wp\/v2\/comments?post=113573"}],"version-history":[{"count":0,"href":"https:\/\/www.europesays.com\/lv\/wp-json\/wp\/v2\/posts\/113573\/revisions"}],"wp:featuredmedia":[{"embeddable":true,"href":"https:\/\/www.europesays.com\/lv\/wp-json\/wp\/v2\/media\/113574"}],"wp:attachment":[{"href":"https:\/\/www.europesays.com\/lv\/wp-json\/wp\/v2\/media?parent=113573"}],"wp:term":[{"taxonomy":"category","embeddable":true,"href":"https:\/\/www.europesays.com\/lv\/wp-json\/wp\/v2\/categories?post=113573"},{"taxonomy":"post_tag","embeddable":true,"href":"https:\/\/www.europesays.com\/lv\/wp-json\/wp\/v2\/tags?post=113573"}],"curies":[{"name":"wp","href":"https:\/\/api.w.org\/{rel}","templated":true}]}}