{"id":113591,"date":"2026-01-26T01:16:12","date_gmt":"2026-01-26T01:16:12","guid":{"rendered":"https:\/\/www.europesays.com\/lv\/113591\/"},"modified":"2026-01-26T01:16:12","modified_gmt":"2026-01-26T01:16:12","slug":"10-slaveni-aktieri-kuri-tika-izgriezti-no-pazistamam-filmam-lente-lv","status":"publish","type":"post","link":"https:\/\/www.europesays.com\/lv\/113591\/","title":{"rendered":"10 slaveni aktieri, kuri tika izgriezti no paz\u012bstam\u0101m film\u0101m\u00a0\u2014\u00a0Lente.lv"},"content":{"rendered":"<p>Kad slava izgaist mont\u0101\u017eas telp\u0101<\/p>\n<p>Kino pasaule ir pilna ar p\u0101rsteigumiem, un ne vienm\u0113r tie ir pozit\u012bvi. Lai gan film\u0113\u0161ana var b\u016bt nosl\u0113gusies un aktieri jau izbaud\u012bju\u0161i savu lomu, p\u0113capstr\u0101des proces\u0101, \u012bpa\u0161i mont\u0101\u017eas posm\u0101, var notikt negaid\u012btas izmai\u0146as. K\u0101 inform\u0113 port\u0101ls jauns.lv, pat A klases zvaigznes nav pasarg\u0101tas no izgrie\u0161anas, un da\u017ek\u0101rt veselas ainas vai pat si\u017eeta l\u012bnijas tiek iz\u0146emtas no filmas, lai uzlabotu t\u0101s ritmu vai fokusu.<\/p>\n<p>Le\u0123end\u0101ru aktieru izdz\u012btas ainas<\/p>\n<p>Kino v\u0113stur\u0113 ir vair\u0101ki spilgti piem\u0113ri, kad paz\u012bstami aktieri piedz\u012bvo \u0161\u0101du likteni. Piem\u0113ram, Harisonam Fordam bija paredz\u0113ta atgrie\u0161an\u0101s loma film\u0101 \u201cCitplan\u0113tietis\u201d (1982), kur vi\u0146\u0161 atveidoja Eliota skolot\u0101ju. Tom\u0113r re\u017eisors St\u012bvens Sp\u012blbergs nol\u0113ma \u0161o ainu izgriezt, jo uzskat\u012bja, ka Forda atpaz\u012bstam\u012bba p\u0101r\u0101k nov\u0113rstu uzman\u012bbu no galven\u0101 st\u0101sta un b\u0113rna skatupunkta, kas bija filmas b\u016bt\u012bba. Lai gan aina netika iek\u013cauta, filma k\u013cuva par kulta klasiku un vienu no ienes\u012bg\u0101kaj\u0101m kino v\u0113stur\u0113. <\/p>\n<p>No \u201cAtrieb\u0113jiem\u201d l\u012bdz \u201cGredzenu pav\u0113lniekam\u201d<\/p>\n<p>Ar\u012b citi slaveni aktieri ir sask\u0101ru\u0161ies ar izgrie\u0161anu no film\u0101m. Piem\u0113ram, Ketr\u012bna Lenglforda, kura atveidoja Tonija St\u0101rka meitu Morganu film\u0101 \u201cAtrieb\u0113ji: Nosl\u0113gums\u201d (2019), piedz\u012bvoja, ka vi\u0146as aina tika iz\u0146emta no gala versijas. \u0160\u012b aina, kur\u0101 bija redzama Tonija St\u0101rka un vi\u0146a pieaugu\u0161\u0101s meitas savstarp\u0113j\u0101 mijiedarb\u012bba, tika uzskat\u012bta par emocion\u0101li noz\u012bm\u012bgu, ta\u010du tika iz\u0146emta, lai nep\u0101rslogotu jau t\u0101 garo filmas kopskatu.<\/p>\n<p>Nenotic\u0113tie talanti<\/p>\n<p>Sarakst\u0101 ar aktieriem, kuru ainas vai lomas tika izgrieztas, ir ar\u012b t\u0101di v\u0101rdi k\u0101 Kevins Speisijs, Tims Rots, Kristofers L\u012b, \u0160eil\u012bna Vudlija un citi. \u0160\u0101das izmai\u0146as bie\u017ei vien ir saist\u012btas ar sare\u017e\u0123\u012btu mont\u0101\u017eas procesu, kur\u0101 re\u017eisori cen\u0161as pan\u0101kt optim\u0101lu st\u0101sta pl\u016bdumu un emocion\u0101lo ietekmi uz skat\u012bt\u0101ju. Lai gan \u0161ie aktieri un vi\u0146u ainas nenon\u0101ca l\u012bdz lielajiem ekr\u0101niem, vi\u0146u dal\u012bba joproj\u0101m ir da\u013ca no filmas tap\u0161anas v\u0113stures.<\/p>\n","protected":false},"excerpt":{"rendered":"Kad slava izgaist mont\u0101\u017eas telp\u0101 Kino pasaule ir pilna ar p\u0101rsteigumiem, un ne vienm\u0113r tie ir pozit\u012bvi. Lai&hellip;\n","protected":false},"author":2,"featured_media":113592,"comment_status":"","ping_status":"","sticky":false,"template":"","format":"standard","meta":{"footnotes":""},"categories":[19],"tags":[11675,89,2356,1105,26554,90,1226,35,39,38,36,37,34,40],"class_list":{"0":"post-113591","1":"post","2":"type-post","3":"status-publish","4":"format-standard","5":"has-post-thumbnail","7":"category-izklaide","8":"tag-aktieri","9":"tag-entertainment","10":"tag-filmas","11":"tag-holivuda","12":"tag-izgriezti-aktieri","13":"tag-izklaide","14":"tag-kino","15":"tag-latvia","16":"tag-latvian","17":"tag-latviesu","18":"tag-latviesu-valoda","19":"tag-latviesuvaloda","20":"tag-latvija","21":"tag-lv"},"share_on_mastodon":{"url":"https:\/\/pubeurope.com\/@lv\/115958761572237211","error":""},"_links":{"self":[{"href":"https:\/\/www.europesays.com\/lv\/wp-json\/wp\/v2\/posts\/113591","targetHints":{"allow":["GET"]}}],"collection":[{"href":"https:\/\/www.europesays.com\/lv\/wp-json\/wp\/v2\/posts"}],"about":[{"href":"https:\/\/www.europesays.com\/lv\/wp-json\/wp\/v2\/types\/post"}],"author":[{"embeddable":true,"href":"https:\/\/www.europesays.com\/lv\/wp-json\/wp\/v2\/users\/2"}],"replies":[{"embeddable":true,"href":"https:\/\/www.europesays.com\/lv\/wp-json\/wp\/v2\/comments?post=113591"}],"version-history":[{"count":0,"href":"https:\/\/www.europesays.com\/lv\/wp-json\/wp\/v2\/posts\/113591\/revisions"}],"wp:featuredmedia":[{"embeddable":true,"href":"https:\/\/www.europesays.com\/lv\/wp-json\/wp\/v2\/media\/113592"}],"wp:attachment":[{"href":"https:\/\/www.europesays.com\/lv\/wp-json\/wp\/v2\/media?parent=113591"}],"wp:term":[{"taxonomy":"category","embeddable":true,"href":"https:\/\/www.europesays.com\/lv\/wp-json\/wp\/v2\/categories?post=113591"},{"taxonomy":"post_tag","embeddable":true,"href":"https:\/\/www.europesays.com\/lv\/wp-json\/wp\/v2\/tags?post=113591"}],"curies":[{"name":"wp","href":"https:\/\/api.w.org\/{rel}","templated":true}]}}