{"id":113600,"date":"2026-01-26T02:14:28","date_gmt":"2026-01-26T02:14:28","guid":{"rendered":"https:\/\/www.europesays.com\/lv\/113600\/"},"modified":"2026-01-26T02:14:28","modified_gmt":"2026-01-26T02:14:28","slug":"pern-kada-gimene-jelgava-sagaidijusi-devito-atvasi","status":"publish","type":"post","link":"https:\/\/www.europesays.com\/lv\/113600\/","title":{"rendered":"P\u0113rn k\u0101da \u0123imene Jelgav\u0101 sagaid\u012bjusi dev\u012bto atvasi"},"content":{"rendered":"<p>Dzimtsarakstu noda\u013c\u0101 aizvad\u012btaj\u0101 gad\u0101 piere\u0123istr\u0113ts 331 jelgavnieks &#8211; 170 meitenes un 161 z\u0113ns. Ta\u010du kopum\u0101 2025. gad\u0101 re\u0123istr\u0113ti 380 pils\u0113t\u0101 deklar\u0113ti jaundzimu\u0161ie &#8211; 49 b\u0113rni\u0146i, kuri ir deklar\u0113ti pils\u0113t\u0101, pirmreiz\u0113ji ir piere\u0123istr\u0113ti k\u0101d\u0101 cit\u0101 Latvijas dzimtsarakstu noda\u013c\u0101.<\/p>\n<p>122 no Jelgav\u0101 pirmreiz\u0113ji re\u0123istr\u0113tajiem mazu\u013ciem ir pirmais b\u0113rns \u0123imen\u0113, 125 &#8211; otrais b\u0113rns, 58 &#8211; tre\u0161ais b\u0113rns. 15 \u0123imen\u0113s piedzimis ceturtais b\u0113rns, septi\u0146\u0101s piektais b\u0113rns, div\u0101s sestais b\u0113rns, bet vien\u0101 &#8211; dev\u012btais b\u0113rns.<\/p>\n<p>Pag\u0101ju\u0161aj\u0101 gad\u0101 popul\u0101r\u0101kais v\u0101rds, ko vec\u0101ki izv\u0113l\u0113ju\u0161ies meiten\u0113m Jelgav\u0101, ir Em\u012blija, kas dots 11 meiten\u0113m. Tas bija popul\u0101r\u0101kais ar\u012b 2024. gad\u0101. Par Am\u0113liju nosauktas devi\u0146as meitenes, popul\u0101ri bija ar\u012b v\u0101rdi Elizabete, Paula un Estere.<\/p>\n<p>Savuk\u0101rt popul\u0101r\u0101kie Dzimtsarakstu noda\u013c\u0101 re\u0123istr\u0113tie v\u0101rdi z\u0113niem Jelgav\u0101 pag\u0101ju\u0161aj\u0101 gad\u0101 bija Rodrigo, Gustavs, Marks &#8211; katrs dots pieciem z\u0113niem.<\/p>\n","protected":false},"excerpt":{"rendered":"Dzimtsarakstu noda\u013c\u0101 aizvad\u012btaj\u0101 gad\u0101 piere\u0123istr\u0113ts 331 jelgavnieks &#8211; 170 meitenes un 161 z\u0113ns. Ta\u010du kopum\u0101 2025. gad\u0101 re\u0123istr\u0113ti&hellip;\n","protected":false},"author":2,"featured_media":113601,"comment_status":"","ping_status":"","sticky":false,"template":"","format":"standard","meta":{"footnotes":""},"categories":[12],"tags":[23,28,29,32,33,984,22,1355,30,31,35,39,38,36,37,34,40,20,161,26,27,24,25,21],"class_list":{"0":"post-113600","1":"post","2":"type-post","3":"status-publish","4":"format-standard","5":"has-post-thumbnail","7":"category-latvija","8":"tag-aktualitates","9":"tag-breaking-news","10":"tag-breakingnews","11":"tag-featured-news","12":"tag-featurednews","13":"tag-gimene","14":"tag-headlines","15":"tag-jelgava","16":"tag-latest-news","17":"tag-latestnews","18":"tag-latvia","19":"tag-latvian","20":"tag-latviesu","21":"tag-latviesu-valoda","22":"tag-latviesuvaloda","23":"tag-latvija","24":"tag-lv","25":"tag-news","26":"tag-pmlp","27":"tag-popularakas-zinas","28":"tag-popularakaszinas","29":"tag-top-stories","30":"tag-topstories","31":"tag-zinas"},"share_on_mastodon":{"url":"https:\/\/pubeurope.com\/@lv\/115958989654182248","error":""},"_links":{"self":[{"href":"https:\/\/www.europesays.com\/lv\/wp-json\/wp\/v2\/posts\/113600","targetHints":{"allow":["GET"]}}],"collection":[{"href":"https:\/\/www.europesays.com\/lv\/wp-json\/wp\/v2\/posts"}],"about":[{"href":"https:\/\/www.europesays.com\/lv\/wp-json\/wp\/v2\/types\/post"}],"author":[{"embeddable":true,"href":"https:\/\/www.europesays.com\/lv\/wp-json\/wp\/v2\/users\/2"}],"replies":[{"embeddable":true,"href":"https:\/\/www.europesays.com\/lv\/wp-json\/wp\/v2\/comments?post=113600"}],"version-history":[{"count":0,"href":"https:\/\/www.europesays.com\/lv\/wp-json\/wp\/v2\/posts\/113600\/revisions"}],"wp:featuredmedia":[{"embeddable":true,"href":"https:\/\/www.europesays.com\/lv\/wp-json\/wp\/v2\/media\/113601"}],"wp:attachment":[{"href":"https:\/\/www.europesays.com\/lv\/wp-json\/wp\/v2\/media?parent=113600"}],"wp:term":[{"taxonomy":"category","embeddable":true,"href":"https:\/\/www.europesays.com\/lv\/wp-json\/wp\/v2\/categories?post=113600"},{"taxonomy":"post_tag","embeddable":true,"href":"https:\/\/www.europesays.com\/lv\/wp-json\/wp\/v2\/tags?post=113600"}],"curies":[{"name":"wp","href":"https:\/\/api.w.org\/{rel}","templated":true}]}}