{"id":113627,"date":"2026-01-26T03:39:10","date_gmt":"2026-01-26T03:39:10","guid":{"rendered":"https:\/\/www.europesays.com\/lv\/113627\/"},"modified":"2026-01-26T03:39:10","modified_gmt":"2026-01-26T03:39:10","slug":"viss-tika-apspriests-asv-amatpersonas-neoficiali-izteikusas-par-ukrainas-miera-sarunam-abu-dabi","status":"publish","type":"post","link":"https:\/\/www.europesays.com\/lv\/113627\/","title":{"rendered":"&#8220;Viss tika apspriests.&#8221; ASV amatpersonas neofici\u0101li izteiku\u0161\u0101s par Ukrainas miera sarun\u0101m Ab\u016b Dab\u012b"},"content":{"rendered":"<p>Puses ir sasniegu\u0161as nopietnu progresu, apsprie\u017eot iesp\u0113jamo r\u012bc\u012bbu p\u0113c tam, kad tiks pan\u0101kta vieno\u0161an\u0101s par uguns p\u0101rtrauk\u0161anu. T\u0101s cita starp\u0101 apspriedu\u0161as iesp\u0113jamo Krievijas un Ukrainas karasp\u0113ka no\u0161\u0137ir\u0161anu, karadarb\u012bbas p\u0101rtrauk\u0161anas uzraudz\u012bbas meh\u0101nismus un uguns p\u0101rtrauk\u0161anas kontroles un koordin\u0101cijas centra izveidi, v\u0113sta mediji.<\/p>\n<p>K\u0101 zi\u0146o &#8220;Politico&#8221;, apspriesta ar\u012b ekonomika, tostarp Zapori\u017ejas atomelektrostacijas liktenis. \u0160o sp\u0113kstaciju, kas atrodas Zapori\u017ejas apgabala pils\u0113t\u0101 Enerhodar\u0101, ir okup\u0113jis Krievijas karasp\u0113ks.<\/p>\n<blockquote class=\"quote ck-widget\" contenteditable=\"false\">\n<p>Saska\u0146\u0101 ar laikraksta avota sniegto inform\u0101ciju Maskava atbalsta elektrostacij\u0101 sara\u017eot\u0101s elektroener\u0123ijas l\u012bdz\u012bgu sadali starp Krieviju un Ukrainu. Pagaid\u0101m vieno\u0161an\u0101s v\u0113l nav pan\u0101kta.<\/p>\n<\/blockquote>\n<p>A\u0123ent\u016bra &#8220;Reuters&#8221; un &#8220;Axios&#8221; v\u0113sta, ka papildus tr\u012bspus\u0113j\u0101m sarun\u0101m Krievijas un Ukrainas deleg\u0101cijas Ab\u016b Dab\u012b tiku\u0161\u0101s ar\u012b divpus\u0113ji. Otr\u0101s sarunu dienas beig\u0101s visas tr\u012bs deleg\u0101cijas piedal\u012bju\u0161\u0101s kop\u012bg\u0101s pusdien\u0101s, kuru laik\u0101, k\u0101 &#8220;Axios&#8221; sac\u012bjusi viena no ASV amatperson\u0101m, &#8220;bija br\u012bdis, kad visi izskat\u012bj\u0101s gandr\u012bz k\u0101 draugi&#8221;. Cita amatpersona nor\u0101d\u012bja: &#8220;Viss norit\u0113ja tik labi, cik m\u0113s var\u0113j\u0101m gaid\u012bt.&#8221;<\/p>\n<p>P\u0113c amerik\u0101\u0146u amatpersonas teikt\u0101, &#8220;viss tika apspriests (..), neviens jaut\u0101jums netika izlaists no diskusijas, un mums nevajadz\u0113ja nevienu piespiest&#8221;.<\/p>\n<p>Zelenskis sestdien pazi\u0146oja, ka sarun\u0101s apspriesti iesp\u0113jamie kara izbeig\u0161anas parametri. Vi\u0146\u0161 sarunas raksturoja k\u0101 konstrukt\u012bvas.<\/p>\n<p>Puses jau aptuveni gadu apsprie\u017e ASV miera iniciat\u012bvas, tikm\u0113r karadarb\u012bba turpin\u0101s. Tagad ASV p\u0101rst\u0101vji apgalvo, ka sarunas esot tuvu pan\u0101kumiem. Tom\u0113r Krievija ofici\u0101li turpina uzst\u0101t uz pras\u012bb\u0101m, kuras Ukraina iepriek\u0161 nosaukusi par nepie\u0146emam\u0101m.<\/p>\n","protected":false},"excerpt":{"rendered":"Puses ir sasniegu\u0161as nopietnu progresu, apsprie\u017eot iesp\u0113jamo r\u012bc\u012bbu p\u0113c tam, kad tiks pan\u0101kta vieno\u0161an\u0101s par uguns p\u0101rtrauk\u0161anu. T\u0101s&hellip;\n","protected":false},"author":2,"featured_media":113628,"comment_status":"","ping_status":"","sticky":false,"template":"","format":"standard","meta":{"footnotes":""},"categories":[5],"tags":[23,292,28,29,32,33,22,234,74,30,31,35,39,38,36,37,34,40,20,26,27,24,25,276,21],"class_list":{"0":"post-113627","1":"post","2":"type-post","3":"status-publish","4":"format-standard","5":"has-post-thumbnail","7":"category-aktualitates","8":"tag-aktualitates","9":"tag-asv","10":"tag-breaking-news","11":"tag-breakingnews","12":"tag-featured-news","13":"tag-featurednews","14":"tag-headlines","15":"tag-krievija","16":"tag-krievijas-iebrukums-ukraina","17":"tag-latest-news","18":"tag-latestnews","19":"tag-latvia","20":"tag-latvian","21":"tag-latviesu","22":"tag-latviesu-valoda","23":"tag-latviesuvaloda","24":"tag-latvija","25":"tag-lv","26":"tag-news","27":"tag-popularakas-zinas","28":"tag-popularakaszinas","29":"tag-top-stories","30":"tag-topstories","31":"tag-ukraina","32":"tag-zinas"},"share_on_mastodon":{"url":"https:\/\/pubeurope.com\/@lv\/115959323884038908","error":""},"_links":{"self":[{"href":"https:\/\/www.europesays.com\/lv\/wp-json\/wp\/v2\/posts\/113627","targetHints":{"allow":["GET"]}}],"collection":[{"href":"https:\/\/www.europesays.com\/lv\/wp-json\/wp\/v2\/posts"}],"about":[{"href":"https:\/\/www.europesays.com\/lv\/wp-json\/wp\/v2\/types\/post"}],"author":[{"embeddable":true,"href":"https:\/\/www.europesays.com\/lv\/wp-json\/wp\/v2\/users\/2"}],"replies":[{"embeddable":true,"href":"https:\/\/www.europesays.com\/lv\/wp-json\/wp\/v2\/comments?post=113627"}],"version-history":[{"count":0,"href":"https:\/\/www.europesays.com\/lv\/wp-json\/wp\/v2\/posts\/113627\/revisions"}],"wp:featuredmedia":[{"embeddable":true,"href":"https:\/\/www.europesays.com\/lv\/wp-json\/wp\/v2\/media\/113628"}],"wp:attachment":[{"href":"https:\/\/www.europesays.com\/lv\/wp-json\/wp\/v2\/media?parent=113627"}],"wp:term":[{"taxonomy":"category","embeddable":true,"href":"https:\/\/www.europesays.com\/lv\/wp-json\/wp\/v2\/categories?post=113627"},{"taxonomy":"post_tag","embeddable":true,"href":"https:\/\/www.europesays.com\/lv\/wp-json\/wp\/v2\/tags?post=113627"}],"curies":[{"name":"wp","href":"https:\/\/api.w.org\/{rel}","templated":true}]}}