{"id":11365,"date":"2025-10-03T10:54:07","date_gmt":"2025-10-03T10:54:07","guid":{"rendered":"https:\/\/www.europesays.com\/lv\/11365\/"},"modified":"2025-10-03T10:54:07","modified_gmt":"2025-10-03T10:54:07","slug":"krievija-velas-lai-mes-ticetu-ka-pastav-nenoversami-kara-draudi","status":"publish","type":"post","link":"https:\/\/www.europesays.com\/lv\/11365\/","title":{"rendered":"Krievija v\u0113las, lai m\u0113s tic\u0113tu, ka past\u0101v nenov\u0113r\u0161ami kara draudi"},"content":{"rendered":"<p>Lidostas D\u0101nij\u0101, Norv\u0113\u0123ij\u0101 un V\u0101cij\u0101 p\u0113d\u0113j\u0101 laik\u0101 vair\u0101kk\u0101rt biju\u0161as spiestas aptur\u0113t reisus dronu d\u0113\u013c. Eiropas valstis tur aizdom\u0101s Krieviju par \u0161iem dronu lidojumiem.<\/p>\n<p>Hibr\u012bdkar\u0161 ir strat\u0113\u0123ija, kas apvieno milit\u0101rus un nemilit\u0101rus l\u012bdzek\u013cus, izmantojot bezpilota lidapar\u0101tus, kiberuzbrukumus, atbalstu opoz\u012bcijas grup\u0101m, dezinform\u0101ciju un tie\u0161saistes propagandu, lai destabiliz\u0113tu sabiedr\u012bbu.<\/p>\n<p>\u013boti iesp\u0113jams, ka Krievijas hibr\u012bdie draudi <a href=\"https:\/\/www.apollo.lv\/term\/9898\/nato\" class=\"topicLink\" target=\"_blank\" rel=\"nofollow noopener\">NATO<\/a> turpm\u0101kajos gados tikai pieaugs. &#8220;Krievija v\u0113las, lai m\u0113s tic\u0113tu, ka past\u0101v nenov\u0113r\u0161ami kara draudi. Vi\u0146i v\u0113las, lai m\u0113s dz\u012bvotu ar \u0161\u012bm bail\u0113m,&#8221; nor\u0101d\u012bja DDIS vad\u012bt\u0101js Tomass \u0100renk\u012bls.<\/p>\n<p>Tom\u0113r nav gaid\u0101ms, ka <a href=\"https:\/\/www.apollo.lv\/term\/555452\/krievija\" class=\"topicLink\" target=\"_blank\" rel=\"nofollow noopener\">Krievija<\/a> veiks konvencion\u0101lu milit\u0101ru uzbrukumu NATO. Nav j\u0101baid\u0101s no kara, uzskata D\u0101nijas aizsardz\u012bbas ministrs Troels Lunds Pulsens.<\/p>\n","protected":false},"excerpt":{"rendered":"Lidostas D\u0101nij\u0101, Norv\u0113\u0123ij\u0101 un V\u0101cij\u0101 p\u0113d\u0113j\u0101 laik\u0101 vair\u0101kk\u0101rt biju\u0161as spiestas aptur\u0113t reisus dronu d\u0113\u013c. Eiropas valstis tur aizdom\u0101s&hellip;\n","protected":false},"author":2,"featured_media":6999,"comment_status":"","ping_status":"","sticky":false,"template":"","format":"standard","meta":{"footnotes":""},"categories":[14],"tags":[23,57,28,29,1418,32,33,22,234,30,31,35,39,38,36,37,34,40,71,20,26,27,24,25,54,55,56,21,58],"class_list":{"0":"post-11365","1":"post","2":"type-post","3":"status-publish","4":"format-standard","5":"has-post-thumbnail","7":"category-zinas-no-arvalstim","8":"tag-aktualitates","9":"tag-arvalstim","10":"tag-breaking-news","11":"tag-breakingnews","12":"tag-danija","13":"tag-featured-news","14":"tag-featurednews","15":"tag-headlines","16":"tag-krievija","17":"tag-latest-news","18":"tag-latestnews","19":"tag-latvia","20":"tag-latvian","21":"tag-latviesu","22":"tag-latviesu-valoda","23":"tag-latviesuvaloda","24":"tag-latvija","25":"tag-lv","26":"tag-nato","27":"tag-news","28":"tag-popularakas-zinas","29":"tag-popularakaszinas","30":"tag-top-stories","31":"tag-topstories","32":"tag-world","33":"tag-world-news","34":"tag-worldnews","35":"tag-zinas","36":"tag-zinas-no-arvalstim"},"share_on_mastodon":{"url":"","error":""},"_links":{"self":[{"href":"https:\/\/www.europesays.com\/lv\/wp-json\/wp\/v2\/posts\/11365","targetHints":{"allow":["GET"]}}],"collection":[{"href":"https:\/\/www.europesays.com\/lv\/wp-json\/wp\/v2\/posts"}],"about":[{"href":"https:\/\/www.europesays.com\/lv\/wp-json\/wp\/v2\/types\/post"}],"author":[{"embeddable":true,"href":"https:\/\/www.europesays.com\/lv\/wp-json\/wp\/v2\/users\/2"}],"replies":[{"embeddable":true,"href":"https:\/\/www.europesays.com\/lv\/wp-json\/wp\/v2\/comments?post=11365"}],"version-history":[{"count":0,"href":"https:\/\/www.europesays.com\/lv\/wp-json\/wp\/v2\/posts\/11365\/revisions"}],"wp:featuredmedia":[{"embeddable":true,"href":"https:\/\/www.europesays.com\/lv\/wp-json\/wp\/v2\/media\/6999"}],"wp:attachment":[{"href":"https:\/\/www.europesays.com\/lv\/wp-json\/wp\/v2\/media?parent=11365"}],"wp:term":[{"taxonomy":"category","embeddable":true,"href":"https:\/\/www.europesays.com\/lv\/wp-json\/wp\/v2\/categories?post=11365"},{"taxonomy":"post_tag","embeddable":true,"href":"https:\/\/www.europesays.com\/lv\/wp-json\/wp\/v2\/tags?post=11365"}],"curies":[{"name":"wp","href":"https:\/\/api.w.org\/{rel}","templated":true}]}}