{"id":113663,"date":"2026-01-26T04:53:06","date_gmt":"2026-01-26T04:53:06","guid":{"rendered":"https:\/\/www.europesays.com\/lv\/113663\/"},"modified":"2026-01-26T04:53:06","modified_gmt":"2026-01-26T04:53:06","slug":"hokeja-legendu-balderi-vecumdienas-parsteidz-cilveku-alkatiba-dienas-bizness","status":"publish","type":"post","link":"https:\/\/www.europesays.com\/lv\/113663\/","title":{"rendered":"Hokeja le\u0123endu Balderi vecumdien\u0101s p\u0101rsteidz cilv\u0113ku alkat\u012bba :: Dienas Bizness"},"content":{"rendered":"<p class=\"text-font font-size--text-xlarge margin-3--bottom font-weight--bold padding-1--top\">Hokeja le\u0123enda Helmuts Balderis-Sildedzis un vi\u0146a \u0123imenes locek\u013ci \u0161obr\u012bd iesaist\u012bti div\u0101s tiesved\u012bb\u0101s. Abas, p\u0113c biju\u0161\u0101s hokeja zvaigznes v\u0101rdiem, saist\u012btas ar biznesu un cilv\u0113ku alkat\u012bbu un pat noziedz\u012bgiem nodomiem.<\/p>\n<p class=\"text-font font-size--text-xlarge margin-3--bottom\">Intervij\u0101 \u017eurn\u0101lam &#8220;Sestdiena&#8221; Balderis-Sildedzis st\u0101sta, ka viena tiesa saist\u012bta ar naudas aizdo\u0161anu krustd\u0113lam. &#8220;Krustd\u0113lam aizdevu naudu, tagad gribu dab\u016bt aizdevumu atpaka\u013c, krustd\u0113ls negrib atdot. Izdom\u0101 vis\u0101dus veidus, lai neatdotu, vilcina laiku, atliek tiesas, gaida, kad varb\u016bt Balderis aizies vi\u0146saul\u0113 un neb\u016bs j\u0101atdod,&#8221; saka Balderis-Sildedzis.<\/p>\n<p class=\"text-font font-size--text-xlarge margin-3--bottom\">Vi\u0146\u0161 nor\u0101da, ka m\u016bsdien\u0101s nepast\u0101v &#8220;rokasspiediena dar\u012bjumu&#8221;. &#8220;Dro\u0161i vien. J\u0101, uztic\u012bba radiniekiem mums bija; aizdo\u0161u naudu bez procentiem, vi\u0146i veidos biznesu \u2013 kur\u0101 m\u016bs ievelk iek\u0161\u0101, p\u0101rdod mums ar\u012b da\u013cas un, k\u0101 izr\u0101d\u0101s, jau no pirm\u0101s dienas dom\u0101ja, k\u0101 m\u016bs apmu\u013c\u0137ot. Es jau ne tikai naudu aizdevu, m\u0113s v\u0113l nopirk\u0101m da\u013cas no vi\u0146iem \u0161ajos uz\u0146\u0113mumos. Vi\u0146i vada uz\u0146\u0113mumu, skait\u0101s, ka str\u0101d\u0101jam kop\u0101, vi\u0146i sa\u0146em atalgojumu, ma\u0161\u012bnas, izmanto darbiniekus sav\u0101 lab\u0101 remontos, ce\u013c m\u0101jas, bet m\u0113s ar sievu un mazmeitu tikai skait\u0101mies dal\u012bbnieki.. Uz\u0146\u0113mum\u0101 visi skait\u0101mies kop\u0101, da\u013cas ir man, sievai, mazmeitai. Pirms divarpus gadiem pras\u012bju, lai atdod man par\u0101du, un tad uzreiz izr\u0101d\u012bj\u0101s, ka uz\u0146\u0113mums str\u0101d\u0101 ar zaud\u0113jumiem, tr\u012bs gadu laik\u0101 g\u0101jis m\u012bnusos \u2013 nera\u017ea, slikti laikapst\u0101k\u013ci. Tagad grib at\u0146emt da\u013cas manai sievai un mazmeitai, izdz\u012bt m\u016bs no uz\u0146\u0113muma \u0101r\u0101, turpina vi\u0146\u0161.<\/p>\n<p class=\"text-font font-size--text-xlarge margin-3--bottom\">T\u0101pat ies\u016bdz\u0113ta ties\u0101 ari vi\u0146a sieva Anita, kura saka, ka &#8220;savos gados \u013coti p\u0101rdz\u012bvo par \u0161\u012bm tiesved\u012bb\u0101m.&#8221; Runa ir par tiesved\u012bb\u0101m saist\u012bb\u0101 ar uz\u0146\u0113mumiem &#8220;Ezerkauli\u0146i agro&#8221; un &#8220;\u0136eizarsils&#8221;.<\/p>\n<p class=\"text-font font-size--text-xlarge margin-3--bottom\">T\u0101pat vi\u0146\u0161 nor\u0101da, ka p\u0113d\u0113jos gados ar\u012b vi\u0146a meita un mazmeita Anna tiek piesauktas medijos, kas liecina par organiz\u0113ta kampa\u0146u citas tiesved\u012bbas ietvaros, kas saist\u012bta ar Val\u0113ria Maligina &#8220;Olainfarm&#8221; mantojuma lietu.<\/p>\n<p class=\"text-font font-size--text-xlarge margin-3--bottom\">&#8220;Negod\u012bgi cilv\u0113ki, var\u0113tu teikt ar\u012b \u2013 band\u012bti, grib mazmeitu apzagt, t\u0101 es uz to skatos. Vi\u0146i ir izgl\u012btoti juristi, advok\u0101ti. Uzplijas tev, izmanto tavu uztic\u012bbu un beig\u0101s grib at\u0146emt to, kas mazmeitai likum\u012bgi pien\u0101kas mantojum\u0101, saka Balderis-Sildedzis.<\/p>\n<p class=\"text-font font-size--text-xlarge margin-3--bottom\">Mazmeita Anna nor\u0101da, ka ir sar\u016bgtin\u0101ta no nogurusi no bl\u0113\u017eiem. &#8220;God\u012bgi sakot, es \u0161ajos procesos neesmu ieinteres\u0113ta. Mantojuma liet\u0101 mani ir p\u0101rst\u0101v\u0113jusi mana mamma. Man bija citas lietas, par ko uztraukties: skola, m\u0101c\u012bbas, draugi, sports. Nesaprotu, k\u0101p\u0113c \u0161obr\u012bd mani m\u0113\u0123ina iesaist\u012bt \u0161aj\u0101 liet\u0101. Tiesved\u012bb\u0101s neesmu iek\u013cauta, mani grib\u0113ja iek\u013caut k\u0101 liecinieku, s\u016bta e-pastus uz tiesu man\u0101 v\u0101rd\u0101, vilto manu parakstu\u2026 Tas apgr\u016btina manu mammu, vi\u0146ai tas viss j\u0101risina. Nav pat\u012bkami, ka cilv\u0113ki visu laiku m\u0113\u0123ina atkal un atkal dar\u012bt to pa\u0161u, kaut gan mantojums ir mans.. Man ir pretenzijas pret tiem cilv\u0113kiem, kas \u0161obr\u012bd tiek ties\u0101ti, kas sag\u0101d\u0101 probl\u0113mas manai mammai. Es \u0161os juristus nepaz\u012bstu. Zinu, ka \u0161obr\u012bd tiek ties\u0101ti Haralds Velmers un Milana Be\u013cevi\u010da. Daudz sliktu lietu dara J\u0101nis Kir\u0161blats. M\u0113\u0123in\u0101t nozagt tik daudz akciju \u2013 tas tom\u0113r ir liels noziegums. Lab\u0101 lieta ir t\u0101, ka mamma izv\u0113l\u0113j\u0101s pareizos cilv\u0113kus, kuriem p\u0101rdot manas akcijas. Cik zinu, vi\u0146i komp\u0101niju labi uztur. Paliku\u0161as tikai neaizv\u0113rt\u0101s tiesved\u012bbas pret sliktajiem cilv\u0113kiem, un tad viss atkal b\u016bs labi un man beidzot b\u016bs miers, mana t\u0113va komp\u0101nija ir dro\u0161\u0101s rok\u0101s,&#8221; pau\u017ea Anna.<\/p>\n","protected":false},"excerpt":{"rendered":"Hokeja le\u0123enda Helmuts Balderis-Sildedzis un vi\u0146a \u0123imenes locek\u013ci \u0161obr\u012bd iesaist\u012bti div\u0101s tiesved\u012bb\u0101s. Abas, p\u0113c biju\u0161\u0101s hokeja zvaigznes v\u0101rdiem,&hellip;\n","protected":false},"author":2,"featured_media":113664,"comment_status":"","ping_status":"","sticky":false,"template":"","format":"standard","meta":{"footnotes":""},"categories":[17],"tags":[869,77,870,867,35,39,38,36,37,34,871,868,40,67,21],"class_list":{"0":"post-113663","1":"post","2":"type-post","3":"status-publish","4":"format-standard","5":"has-post-thumbnail","7":"category-sports","8":"tag-biznesa-zinas","9":"tag-bizness","10":"tag-bizness-latvija","11":"tag-dienas-zinas","12":"tag-latvia","13":"tag-latvian","14":"tag-latviesu","15":"tag-latviesu-valoda","16":"tag-latviesuvaloda","17":"tag-latvija","18":"tag-latvijas-biznesa-zinas","19":"tag-latvijas-zinas","20":"tag-lv","21":"tag-sports","22":"tag-zinas"},"share_on_mastodon":{"url":"https:\/\/pubeurope.com\/@lv\/115959614801288834","error":""},"_links":{"self":[{"href":"https:\/\/www.europesays.com\/lv\/wp-json\/wp\/v2\/posts\/113663","targetHints":{"allow":["GET"]}}],"collection":[{"href":"https:\/\/www.europesays.com\/lv\/wp-json\/wp\/v2\/posts"}],"about":[{"href":"https:\/\/www.europesays.com\/lv\/wp-json\/wp\/v2\/types\/post"}],"author":[{"embeddable":true,"href":"https:\/\/www.europesays.com\/lv\/wp-json\/wp\/v2\/users\/2"}],"replies":[{"embeddable":true,"href":"https:\/\/www.europesays.com\/lv\/wp-json\/wp\/v2\/comments?post=113663"}],"version-history":[{"count":0,"href":"https:\/\/www.europesays.com\/lv\/wp-json\/wp\/v2\/posts\/113663\/revisions"}],"wp:featuredmedia":[{"embeddable":true,"href":"https:\/\/www.europesays.com\/lv\/wp-json\/wp\/v2\/media\/113664"}],"wp:attachment":[{"href":"https:\/\/www.europesays.com\/lv\/wp-json\/wp\/v2\/media?parent=113663"}],"wp:term":[{"taxonomy":"category","embeddable":true,"href":"https:\/\/www.europesays.com\/lv\/wp-json\/wp\/v2\/categories?post=113663"},{"taxonomy":"post_tag","embeddable":true,"href":"https:\/\/www.europesays.com\/lv\/wp-json\/wp\/v2\/tags?post=113663"}],"curies":[{"name":"wp","href":"https:\/\/api.w.org\/{rel}","templated":true}]}}