{"id":113665,"date":"2026-01-26T04:56:07","date_gmt":"2026-01-26T04:56:07","guid":{"rendered":"https:\/\/www.europesays.com\/lv\/113665\/"},"modified":"2026-01-26T04:56:07","modified_gmt":"2026-01-26T04:56:07","slug":"uznemejdarbibas-videi-sa-gada-izaicinajums-ir-saeimas-velesanas-un-speja-pienemt-lemumus-dienas-bizness","status":"publish","type":"post","link":"https:\/\/www.europesays.com\/lv\/113665\/","title":{"rendered":"Uz\u0146\u0113m\u0113jdarb\u012bbas videi \u0161\u0101 gada izaicin\u0101jums ir Saeimas v\u0113l\u0113\u0161anas un sp\u0113ja pie\u0146emt l\u0113mumus :: Dienas Bizness"},"content":{"rendered":"<p class=\"text-font font-size--text-xlarge margin-3--bottom font-weight--bold padding-1--top\">Uz\u0146\u0113m\u0113jdarb\u012bbas videi \u0161\u0101 gada liel\u0101kais izaicin\u0101jums ir Saeimas v\u0113l\u0113\u0161anas, jo pieredze liecina, ka pirms t\u0101m lieli l\u0113mumi netiek pie\u0146emti, bet uzman\u012bba tiek piev\u0113rsta maznoz\u012bm\u012bg\u0101m liet\u0101m, kas \u013cauj izcelties politi\u0137iem, intervij\u0101 zi\u0146u a\u0123ent\u016brai LETA atzina Latvijas Tirdzniec\u012bbas un r\u016bpniec\u012bbas kameras (LTRK) valdes priek\u0161s\u0113d\u0113t\u0101ja Katr\u012bna Zari\u0146a.<\/p>\n<p class=\"text-font font-size--text-xlarge margin-3--bottom\">&#8220;Uz\u0146\u0113m\u0113jiem tas savuk\u0101rt noz\u012bm\u0113, ka publiskaj\u0101 telp\u0101 ir liels ska\u013cums, bet rezult\u0101ta gandr\u012bz nav,&#8221; sac\u012bja Zari\u0146a.<\/p>\n<p class=\"text-font font-size--text-xlarge margin-3--bottom\">Vi\u0146a nor\u0101d\u012bja, ka gan sarunas ar LTRK biedriem, gan da\u017e\u0101das aptaujas liecina, ka b\u016btiskie izaicin\u0101jumi joproj\u0101m ir uz\u0146\u0113m\u0113jdarb\u012bbas vides regul\u0113jums, birokr\u0101tiskais slogs, darbasp\u0113ka pieejam\u012bba un darbasp\u0113ka izmaksas, k\u0101 ar\u012b finans\u0113juma pieejam\u012bba. V\u0113l\u0113\u0161anu gads \u0161os jaut\u0101jumus atrisin\u0101t visdr\u012bz\u0101k nepal\u012bdz\u0113s.<\/p>\n<p class=\"text-font font-size--text-xlarge margin-3--bottom\">T\u0101pat vi\u0146a prognoz\u0113ja, ka fisk\u0101l\u0101 discipl\u012bna visdr\u012bz\u0101k samazin\u0101sies, t\u0101d\u0113\u013c ir \u017e\u0113l, ka pag\u0101ju\u0161aj\u0101 gad\u0101, str\u0101d\u0101jot pie 2026. gada bud\u017eeta, tom\u0113r neizdev\u0101s pan\u0101kt noz\u012bm\u012bgu izdevumu samazin\u0101jumu.<\/p>\n<p class=\"text-font font-size--text-xlarge margin-3--bottom\">&#8220;Ja, piem\u0113ram, skat\u0101mies uz bud\u017eeta izstr\u0101di vai da\u017e\u0101diem taup\u012bbas pas\u0101kumiem, par kuriem ilgtermi\u0146\u0101 vajadz\u0113tu dom\u0101t savlaic\u012bgi jau 2026. gada s\u0101kum\u0101, visdr\u012bz\u0101k pirmsv\u0113l\u0113\u0161anu gad\u0101 m\u0113s redz\u0113sim pret\u0113ju tendenci, ka t\u0113r\u0113sim vair\u0101k,&#8221; prognoz\u0113ja Zari\u0146a.<\/p>\n<p class=\"text-font font-size--text-xlarge margin-3--bottom\">Savuk\u0101rt aizvad\u012bto Saeimas darba ciklu, p\u0113c vi\u0146as teikt\u0101, ir raksturoju\u0161i dinamiski notikumi &#8211; kar\u0161 Ukrain\u0101 un \u0123eopolitisk\u0101 nestabilit\u0101te, ener\u0123\u0113tikas cenu strauj\u0161 pieaugums un \u0161o notikumu d\u0113\u013c strauji pieaugu\u0161\u0101s pat\u0113ri\u0146a cenas.<\/p>\n<p class=\"text-font font-size--text-xlarge margin-3--bottom\">&#8220;P\u0113c kara s\u0101kuma Ukrain\u0101 gan uz\u0146\u0113m\u0113ju vid\u0113, gan politi\u0137iem, gan ier\u0113d\u0146iem dom\u0101\u0161ana p\u0101rsl\u0113dz\u0101s uz to, k\u0101 sagatavoties, cik augsts ir risks, k\u0101 to mazin\u0101t. L\u012bdz ar to kaut k\u0101das lietas, kuras tradicion\u0101li notiek Saeimas \u010detru gadu darb\u012bbas posm\u0101, pag\u0101ja mali\u0146\u0101. V\u0113l tra\u0123isk\u0101k, ka \u013coti l\u012bdz\u012bgi notika ar\u012b iepriek\u0161\u0113j\u0101 \u010detru gadu posm\u0101, jo tad bija pand\u0113mija. L\u012bdz ar to m\u0113s jau faktiski asto\u0146us gadus virkni lietu visu laiku paliekam mali\u0146\u0101 un atkal paliekam mali\u0146\u0101,&#8221; teica Zari\u0146a.<\/p>\n<p class=\"text-font font-size--text-xlarge margin-3--bottom\">Savuk\u0101rt pozit\u012bvi, p\u0113c vi\u0146a sac\u012bt\u0101, ir v\u0113rt\u0113jams tas, ka \u0123eopolitisko notikumu iespaid\u0101 vis\u0101 valst\u012b main\u012bj\u0101s fokuss uz invest\u012bciju piesaisti un par\u0101d\u012bj\u0101s &#8220;domas skaidr\u012bba&#8221; &#8211; ja m\u0113s b\u016bsim ekonomiski sp\u0113c\u012bgi, ja b\u016bs \u0101r\u0113jais finans\u0113jums, tad tas palielina m\u016bsu dro\u0161\u012bbu un m\u016bsu \u0101r\u0113jo partneru gatav\u012bbu m\u016bs aizsarg\u0101t, jo \u0161eit ir vi\u0146u nauda.<\/p>\n<p class=\"text-font font-size--text-xlarge margin-3--bottom\">Vienlaikus vi\u0146a nor\u0101d\u012bja, ka, \u013coti fokus\u0113joties uz valsts aizsardz\u012bbu, otr\u0101 pl\u0101n\u0101 esot paliku\u0161i civil\u0101s aizsardz\u012bbas jaut\u0101jumi.<\/p>\n<p class=\"text-font font-size--text-xlarge margin-3--bottom\">&#8220;Es ar pilnu p\u0101rliec\u012bbu nevaru teikt, ka Latvijas uz\u0146\u0113mumi ir gatavi nosac\u012btai stundai X. Es neesmu p\u0101rliecin\u0101ta, ka Latvijas iedz\u012bvot\u0101ji ir gatavi stundai X. M\u0113s kaut k\u0101 esam \u013coti fokus\u0113ju\u0161ies uz aizsardz\u012bbas sp\u0113ju un izdevumu palielin\u0101\u0161anu, m\u0113s esam daudz atbalst\u012bju\u0161i Ukrainu, bet pa\u0161u m\u0101j\u0101 m\u0113s kaut k\u0101 to gatavo\u0161anos stundai X esam piemirsu\u0161i. Nav t\u0101, ka nekas nenotiek, bet mums b\u016btu j\u0101b\u016bt gatav\u0101kiem,&#8221; atzina Zari\u0146a.<\/p>\n<p class=\"text-font font-size--text-xlarge margin-3--bottom\">T\u0101d\u0113\u013c b\u016btu labi, ja jau tagad s\u0101ktos darbs pie n\u0101kam\u0101 gada bud\u017eeta, iesp\u0113j\u0101m ietaup\u012bt un stiprin\u0101t tie\u0161i iek\u0161\u0113j\u0101s dro\u0161\u012bbas kapacit\u0101ti, vi\u0146a sac\u012bja.<\/p>\n","protected":false},"excerpt":{"rendered":"Uz\u0146\u0113m\u0113jdarb\u012bbas videi \u0161\u0101 gada liel\u0101kais izaicin\u0101jums ir Saeimas v\u0113l\u0113\u0161anas, jo pieredze liecina, ka pirms t\u0101m lieli l\u0113mumi netiek&hellip;\n","protected":false},"author":2,"featured_media":113666,"comment_status":"","ping_status":"","sticky":false,"template":"","format":"standard","meta":{"footnotes":""},"categories":[12],"tags":[23,869,77,870,28,29,867,32,33,22,30,31,35,39,38,36,37,34,871,868,40,20,26,27,24,25,21],"class_list":{"0":"post-113665","1":"post","2":"type-post","3":"status-publish","4":"format-standard","5":"has-post-thumbnail","7":"category-latvija","8":"tag-aktualitates","9":"tag-biznesa-zinas","10":"tag-bizness","11":"tag-bizness-latvija","12":"tag-breaking-news","13":"tag-breakingnews","14":"tag-dienas-zinas","15":"tag-featured-news","16":"tag-featurednews","17":"tag-headlines","18":"tag-latest-news","19":"tag-latestnews","20":"tag-latvia","21":"tag-latvian","22":"tag-latviesu","23":"tag-latviesu-valoda","24":"tag-latviesuvaloda","25":"tag-latvija","26":"tag-latvijas-biznesa-zinas","27":"tag-latvijas-zinas","28":"tag-lv","29":"tag-news","30":"tag-popularakas-zinas","31":"tag-popularakaszinas","32":"tag-top-stories","33":"tag-topstories","34":"tag-zinas"},"share_on_mastodon":{"url":"https:\/\/pubeurope.com\/@lv\/115959626666412188","error":""},"_links":{"self":[{"href":"https:\/\/www.europesays.com\/lv\/wp-json\/wp\/v2\/posts\/113665","targetHints":{"allow":["GET"]}}],"collection":[{"href":"https:\/\/www.europesays.com\/lv\/wp-json\/wp\/v2\/posts"}],"about":[{"href":"https:\/\/www.europesays.com\/lv\/wp-json\/wp\/v2\/types\/post"}],"author":[{"embeddable":true,"href":"https:\/\/www.europesays.com\/lv\/wp-json\/wp\/v2\/users\/2"}],"replies":[{"embeddable":true,"href":"https:\/\/www.europesays.com\/lv\/wp-json\/wp\/v2\/comments?post=113665"}],"version-history":[{"count":0,"href":"https:\/\/www.europesays.com\/lv\/wp-json\/wp\/v2\/posts\/113665\/revisions"}],"wp:featuredmedia":[{"embeddable":true,"href":"https:\/\/www.europesays.com\/lv\/wp-json\/wp\/v2\/media\/113666"}],"wp:attachment":[{"href":"https:\/\/www.europesays.com\/lv\/wp-json\/wp\/v2\/media?parent=113665"}],"wp:term":[{"taxonomy":"category","embeddable":true,"href":"https:\/\/www.europesays.com\/lv\/wp-json\/wp\/v2\/categories?post=113665"},{"taxonomy":"post_tag","embeddable":true,"href":"https:\/\/www.europesays.com\/lv\/wp-json\/wp\/v2\/tags?post=113665"}],"curies":[{"name":"wp","href":"https:\/\/api.w.org\/{rel}","templated":true}]}}