{"id":113668,"date":"2026-01-26T05:08:07","date_gmt":"2026-01-26T05:08:07","guid":{"rendered":"https:\/\/www.europesays.com\/lv\/113668\/"},"modified":"2026-01-26T05:08:07","modified_gmt":"2026-01-26T05:08:07","slug":"pirmdien-daudzviet-latvija-gaidams-neliels-sniegs","status":"publish","type":"post","link":"https:\/\/www.europesays.com\/lv\/113668\/","title":{"rendered":"Pirmdien daudzviet Latvij\u0101 gaid\u0101ms neliels sniegs"},"content":{"rendered":"<p>Valsts centr\u0101laj\u0101 un austrumu da\u013c\u0101 da\u017eviet snigs m\u0113reni. Debesis b\u016bs p\u0101rsvar\u0101 apm\u0101ku\u0161\u0101s.<\/p>\n<p>V\u0113j\u0161 l\u0113ni p\u016bt\u012bs no austrumu puses. Maksim\u0101l\u0101 gaisa temperat\u016bra no -3..-4 gr\u0101diem Kurzemes piekrast\u0113 l\u012bdz -9..-10 gr\u0101diem valsts zieme\u013caustrumos.<\/p>\n<p>R\u012bg\u0101 ned\u0113\u013cas pirm\u0101 diena b\u016bs apm\u0101kusies, palaikam nedaudz snigs, l\u0113ns dienvidaustrumu v\u0113j\u0161 p\u0101ries austrumu, zieme\u013caustrumu v\u0113j\u0101. Gaisa temperat\u016bra paaugstin\u0101sies l\u012bdz -6 vai -7 gr\u0101diem.<\/p>\n<p>Laikapst\u0101k\u013cus ietekm\u0113 ciklons Centr\u0101leirop\u0101. Atmosf\u0113ras spiediens j\u016bras l\u012bmen\u012b no 1008 hektopask\u0101liem Dienvidkurzemes novad\u0101 l\u012bdz 1016 hektopask\u0101liem Latgales austrumos.<\/p>\n<p>Pirmdienas r\u012bt\u0101 Latvij\u0101 ir apm\u0101cies laiks un viet\u0101m nedaudz snieg, liecina meteorolo\u0123isk\u0101 inform\u0101cija.<\/p>\n<p>Sniega biezums nov\u0113rojumu stacij\u0101s no 6-7 centimetriem Kolk\u0101, M\u0113rsrag\u0101, Daugavgr\u012bv\u0101, Aina\u017eos un R\u016bjien\u0101 l\u012bdz 24 centimetriem Kr\u0101slavas novada Piedruj\u0101 un 26 centimetriem Dagd\u0101.<\/p>\n<p>P\u016b\u0161 l\u0113ns austrumu, dienvidaustrumu v\u0113j\u0161. Gaisa kvalit\u0101te laba l\u012bdz viduv\u0113ja.<\/p>\n<p>Gaisa temperat\u016bra plkst. 5 atbilsto\u0161i Latvijas Vides, \u0123eolo\u0123ijas un meteorolo\u0123ijas centra (LV\u0122MC) datiem bija no -6,4 gr\u0101diem Liep\u0101jas ost\u0101 l\u012bdz -15,2 gr\u0101diem Dagd\u0101. Liel\u0101kais sals ned\u0113\u013cas nogal\u0113 bija -24,6 gr\u0101di sv\u0113tdienas r\u012bt\u0101 Madon\u0101.<\/p>\n<p>R\u012bg\u0101 apm\u0101ku\u0161\u0101s debesis, mazliet snieg, p\u016b\u0161 dienvidaustrumu v\u0113j\u0161 ar \u0101trumu tr\u012bs metri sekund\u0113, gaisa temperat\u016bra -9 gr\u0101di. Nov\u0113rojumu stacij\u0101 pils\u0113tas centr\u0101 saglab\u0101jas 12 centimetrus bieza sniega sega.<\/p>\n<p>Maksim\u0101l\u0101 gaisa temperat\u016bra sv\u0113tdien LV\u0122MC nov\u0113rojumu t\u012bkl\u0101 bija no -5,6 gr\u0101diem Kolk\u0101 l\u012bdz -12,7 gr\u0101diem Madon\u0101.<\/p>\n<p>Augst\u0101k\u0101 gaisa temperat\u016bra Eirop\u0101 25. janv\u0101r\u012b bija +21 gr\u0101ds Grie\u0137ij\u0101. Zem\u0101k\u0101 gaisa temperat\u016bra nakt\u012b uz pirmdienu -34 gr\u0101di Norv\u0113\u0123ijas dienvidu da\u013c\u0101 un Krievij\u0101.<\/p>\n","protected":false},"excerpt":{"rendered":"Valsts centr\u0101laj\u0101 un austrumu da\u013c\u0101 da\u017eviet snigs m\u0113reni. Debesis b\u016bs p\u0101rsvar\u0101 apm\u0101ku\u0161\u0101s. V\u0113j\u0161 l\u0113ni p\u016bt\u012bs no austrumu puses.&hellip;\n","protected":false},"author":2,"featured_media":113669,"comment_status":"","ping_status":"","sticky":false,"template":"","format":"standard","meta":{"footnotes":""},"categories":[12],"tags":[5869,23,28,29,32,33,22,396,397,30,31,35,39,38,36,37,34,40,20,26,27,24,25,21],"class_list":{"0":"post-113668","1":"post","2":"type-post","3":"status-publish","4":"format-standard","5":"has-post-thumbnail","7":"category-latvija","8":"tag-ziema","9":"tag-aktualitates","10":"tag-breaking-news","11":"tag-breakingnews","12":"tag-featured-news","13":"tag-featurednews","14":"tag-headlines","15":"tag-laika-zinas","16":"tag-laikapstakli","17":"tag-latest-news","18":"tag-latestnews","19":"tag-latvia","20":"tag-latvian","21":"tag-latviesu","22":"tag-latviesu-valoda","23":"tag-latviesuvaloda","24":"tag-latvija","25":"tag-lv","26":"tag-news","27":"tag-popularakas-zinas","28":"tag-popularakaszinas","29":"tag-top-stories","30":"tag-topstories","31":"tag-zinas"},"share_on_mastodon":{"url":"https:\/\/pubeurope.com\/@lv\/115959673845939538","error":""},"_links":{"self":[{"href":"https:\/\/www.europesays.com\/lv\/wp-json\/wp\/v2\/posts\/113668","targetHints":{"allow":["GET"]}}],"collection":[{"href":"https:\/\/www.europesays.com\/lv\/wp-json\/wp\/v2\/posts"}],"about":[{"href":"https:\/\/www.europesays.com\/lv\/wp-json\/wp\/v2\/types\/post"}],"author":[{"embeddable":true,"href":"https:\/\/www.europesays.com\/lv\/wp-json\/wp\/v2\/users\/2"}],"replies":[{"embeddable":true,"href":"https:\/\/www.europesays.com\/lv\/wp-json\/wp\/v2\/comments?post=113668"}],"version-history":[{"count":0,"href":"https:\/\/www.europesays.com\/lv\/wp-json\/wp\/v2\/posts\/113668\/revisions"}],"wp:featuredmedia":[{"embeddable":true,"href":"https:\/\/www.europesays.com\/lv\/wp-json\/wp\/v2\/media\/113669"}],"wp:attachment":[{"href":"https:\/\/www.europesays.com\/lv\/wp-json\/wp\/v2\/media?parent=113668"}],"wp:term":[{"taxonomy":"category","embeddable":true,"href":"https:\/\/www.europesays.com\/lv\/wp-json\/wp\/v2\/categories?post=113668"},{"taxonomy":"post_tag","embeddable":true,"href":"https:\/\/www.europesays.com\/lv\/wp-json\/wp\/v2\/tags?post=113668"}],"curies":[{"name":"wp","href":"https:\/\/api.w.org\/{rel}","templated":true}]}}