{"id":113678,"date":"2026-01-26T05:27:08","date_gmt":"2026-01-26T05:27:08","guid":{"rendered":"https:\/\/www.europesays.com\/lv\/113678\/"},"modified":"2026-01-26T05:27:08","modified_gmt":"2026-01-26T05:27:08","slug":"venecuela-atbrivoti-vairak-neka-100-politieslodzito","status":"publish","type":"post","link":"https:\/\/www.europesays.com\/lv\/113678\/","title":{"rendered":"Venecu\u0113l\u0101 atbr\u012bvoti vair\u0101k nek\u0101 100 politieslodz\u012bto"},"content":{"rendered":"<p>&#8220;Foro Penal&#8221; vad\u012bt\u0101js Alfredo Romero sac\u012bja, ka organiz\u0101cija ir apstiprin\u0101jusi 104 atbr\u012bvoto identit\u0101ti.<\/p>\n<p>Vi\u0146\u0161 piebilda, ka &#8220;b\u016btu ide\u0101li, ja vald\u012bba public\u0113tu atbr\u012bvoto sarakstus&#8221;.<\/p>\n<p>&#8220;Foro Penal&#8221; l\u0113\u0161, ka Dienvidamerikas valst\u012b ir ap 800 politieslodz\u012bto, no kuriem daudzi aiztur\u0113ti protestos p\u0113c apstr\u012bd\u0113taj\u0101m prezidenta v\u0113l\u0113\u0161an\u0101m, kur\u0101s uzvaru pasludin\u0101ja autorit\u0101rais l\u012bderis <a href=\"https:\/\/www.tvnet.lv\/term\/579446\/nikolass-maduro\" class=\"topicLink\" target=\"_blank\" rel=\"nofollow noopener\">Nikolass Maduro<\/a>.<\/p>\n<p>Venecu\u0113las l\u012bdz\u0161in\u0113jais prezidents Maduro 3. janv\u0101r\u012b <a href=\"https:\/\/www.tvnet.lv\/term\/555410\/asv\" class=\"topicLink\" target=\"_blank\" rel=\"nofollow noopener\">ASV<\/a> milit\u0101r\u0101s oper\u0101cijas gait\u0101 Karakas\u0101 tika sag\u016bst\u012bts un aizvests uz ASV, kur vi\u0146\u0161 tiek ties\u0101ts saist\u012bb\u0101 ar aps\u016bdz\u012bb\u0101m narkoterorism\u0101.<\/p>\n<p>P\u0113c Maduro sag\u016bst\u012b\u0161anas Venecu\u0113las prezidenta pien\u0101kumus s\u0101ka pild\u012bt l\u012bdz\u0161in\u0113j\u0101 viceprezidente Delsija Rodrigesa.<\/p>\n<p>V\u0113l ilgi pirms oper\u0101cijas ASV prezidenta Donalda Trampa administr\u0101cija cent\u0101s pan\u0101kt, lai Maduro vald\u012bba atbr\u012bvotu politieslodz\u012btos.<\/p>\n<p>Da\u017e\u0101du organiz\u0101ciju apl\u0113ses liecina, ka kop\u0161 ASV oper\u0101cijas Maduro sag\u016bst\u012b\u0161anai Venecu\u0113l\u0101 atbr\u012bvoti vismaz 240 politieslodz\u012bto.<\/p>\n","protected":false},"excerpt":{"rendered":"&#8220;Foro Penal&#8221; vad\u012bt\u0101js Alfredo Romero sac\u012bja, ka organiz\u0101cija ir apstiprin\u0101jusi 104 atbr\u012bvoto identit\u0101ti. Vi\u0146\u0161 piebilda, ka &#8220;b\u016btu ide\u0101li,&hellip;\n","protected":false},"author":2,"featured_media":113679,"comment_status":"","ping_status":"","sticky":false,"template":"","format":"standard","meta":{"footnotes":""},"categories":[5],"tags":[23,292,28,29,542,32,33,22,30,31,35,39,38,36,37,34,40,20,5168,26,27,24,25,358,21],"class_list":{"0":"post-113678","1":"post","2":"type-post","3":"status-publish","4":"format-standard","5":"has-post-thumbnail","7":"category-aktualitates","8":"tag-aktualitates","9":"tag-asv","10":"tag-breaking-news","11":"tag-breakingnews","12":"tag-donalds-tramps","13":"tag-featured-news","14":"tag-featurednews","15":"tag-headlines","16":"tag-latest-news","17":"tag-latestnews","18":"tag-latvia","19":"tag-latvian","20":"tag-latviesu","21":"tag-latviesu-valoda","22":"tag-latviesuvaloda","23":"tag-latvija","24":"tag-lv","25":"tag-news","26":"tag-nikolass-maduro","27":"tag-popularakas-zinas","28":"tag-popularakaszinas","29":"tag-top-stories","30":"tag-topstories","31":"tag-venecuela","32":"tag-zinas"},"share_on_mastodon":{"url":"https:\/\/pubeurope.com\/@lv\/115959748571212205","error":""},"_links":{"self":[{"href":"https:\/\/www.europesays.com\/lv\/wp-json\/wp\/v2\/posts\/113678","targetHints":{"allow":["GET"]}}],"collection":[{"href":"https:\/\/www.europesays.com\/lv\/wp-json\/wp\/v2\/posts"}],"about":[{"href":"https:\/\/www.europesays.com\/lv\/wp-json\/wp\/v2\/types\/post"}],"author":[{"embeddable":true,"href":"https:\/\/www.europesays.com\/lv\/wp-json\/wp\/v2\/users\/2"}],"replies":[{"embeddable":true,"href":"https:\/\/www.europesays.com\/lv\/wp-json\/wp\/v2\/comments?post=113678"}],"version-history":[{"count":0,"href":"https:\/\/www.europesays.com\/lv\/wp-json\/wp\/v2\/posts\/113678\/revisions"}],"wp:featuredmedia":[{"embeddable":true,"href":"https:\/\/www.europesays.com\/lv\/wp-json\/wp\/v2\/media\/113679"}],"wp:attachment":[{"href":"https:\/\/www.europesays.com\/lv\/wp-json\/wp\/v2\/media?parent=113678"}],"wp:term":[{"taxonomy":"category","embeddable":true,"href":"https:\/\/www.europesays.com\/lv\/wp-json\/wp\/v2\/categories?post=113678"},{"taxonomy":"post_tag","embeddable":true,"href":"https:\/\/www.europesays.com\/lv\/wp-json\/wp\/v2\/tags?post=113678"}],"curies":[{"name":"wp","href":"https:\/\/api.w.org\/{rel}","templated":true}]}}