{"id":113696,"date":"2026-01-26T05:55:07","date_gmt":"2026-01-26T05:55:07","guid":{"rendered":"https:\/\/www.europesays.com\/lv\/113696\/"},"modified":"2026-01-26T05:55:07","modified_gmt":"2026-01-26T05:55:07","slug":"francija-aiztur-krievijas-enu-flotes-tankkuga-kapteini","status":"publish","type":"post","link":"https:\/\/www.europesays.com\/lv\/113696\/","title":{"rendered":"Francija aiztur Krievijas &#8220;\u0113nu flotes&#8221; tankku\u0123a kapteini"},"content":{"rendered":"<p>Ku\u0123a &#8220;Grinch&#8221; kapteini &#8211; 58 gadus vecu Indijas pilsoni &#8211; Francijas ties\u012bbsarg\u0101\u0161anas iest\u0101des aiztur\u0113ja p\u0113c ku\u0123a noenkuro\u0161an\u0101s Fosas l\u012bc\u012b.<\/p>\n<p>&#8220;Grinch&#8221; tiek tur\u0113ts aizdom\u0101s par ku\u0123o\u0161anu zem viltus karoga. Apkalpei, kas sast\u0101v no Indijas pilso\u0146iem, nav \u013cauts atst\u0101t ku\u0123i.<\/p>\n<p>&#8220;Izmekl\u0113\u0161anas m\u0113r\u0137is ir p\u0101rbaud\u012bt tankku\u0123a karoga atbilst\u012bbu un t\u0101 ku\u0123o\u0161anai nepiecie\u0161amos dokumentus,&#8221; nor\u0101d\u012bja prokurat\u016bra.<\/p>\n<p>&#8220;Grinch&#8221; bija ce\u013c\u0101 no Krievijas zieme\u013crietumos eso\u0161\u0101s Murmanskas. Tiek uzskat\u012bts, ka tas pieder t\u0101 d\u0113v\u0113tajai \u0113nu flotei, ko Maskava izmanto starptautisko sankciju apie\u0161anai.<\/p>\n<p>Pag\u0101ju\u0161aj\u0101 ned\u0113\u013c\u0101 Francijas karaflote Vidusj\u016br\u0101 p\u0101rtv\u0113ra &#8220;Grinch&#8221;, un j\u016bras sp\u0113ki to pavad\u012bja l\u012bdz ostai, lai veiktu papildu p\u0101rbaudes.<\/p>\n<p>Tiek uzskat\u012bts, ka &#8220;\u0113nu flot\u0113&#8221; ir vair\u0101k nek\u0101 400 ku\u0123u, ar ko <a href=\"https:\/\/www.tvnet.lv\/term\/555452\/krievija\" class=\"topicLink\" target=\"_blank\" rel=\"nofollow noopener\">Krievija<\/a> eksport\u0113 produktus, kuru tirdzniec\u012bbu aizliedz starptautisk\u0101s <a href=\"https:\/\/www.tvnet.lv\/term\/556173\/sankcijas\" class=\"topicLink\" target=\"_blank\" rel=\"nofollow noopener\">sankcijas<\/a>, kas noteiktas, rea\u0123\u0113jot uz Maskavas iebrukumu Ukrain\u0101.<\/p>\n<p>&#8220;\u0112nu flote&#8221; izmanto novecoju\u0161us tankku\u0123us ar necaurskat\u0101mu \u012bpa\u0161nieku strukt\u016bru, un tiem parasti nav apdro\u0161in\u0101\u0161anas.<\/p>\n<p>P\u0113rn septembr\u012b Francijas j\u016bras sp\u0113ki Atlantijas oke\u0101na piekrast\u0113 uzk\u0101pa uz naftas tankku\u0123a &#8220;Boracay&#8221;, ko prezidents Emanuels Makrons ar\u012b saist\u012bja ar \u0113nu floti. To pa\u0161u ku\u0123i p\u0113rn apr\u012bl\u012b ar nosaukumu &#8220;Kiwala&#8221; Igaunijas varasiest\u0101des aiztur\u0113ja Somu l\u012bc\u012b.<\/p>\n<p>\u0160\u012b tankku\u0123a kapteinis febru\u0101r\u012b st\u0101sies tiesas priek\u0161\u0101 par apkalpes iesp\u0113jamo atteik\u0161anos sadarboties, pazi\u0146oju\u0161as Francijas tiesu iest\u0101des.<\/p>\n","protected":false},"excerpt":{"rendered":"Ku\u0123a &#8220;Grinch&#8221; kapteini &#8211; 58 gadus vecu Indijas pilsoni &#8211; Francijas ties\u012bbsarg\u0101\u0161anas iest\u0101des aiztur\u0113ja p\u0113c ku\u0123a noenkuro\u0161an\u0101s Fosas&hellip;\n","protected":false},"author":2,"featured_media":113697,"comment_status":"","ping_status":"","sticky":false,"template":"","format":"standard","meta":{"footnotes":""},"categories":[14],"tags":[23,57,28,29,3964,32,33,22,234,74,30,31,35,39,38,36,37,34,40,20,26,27,511,24,25,54,55,56,21,58],"class_list":{"0":"post-113696","1":"post","2":"type-post","3":"status-publish","4":"format-standard","5":"has-post-thumbnail","7":"category-zinas-no-arvalstim","8":"tag-aktualitates","9":"tag-arvalstim","10":"tag-breaking-news","11":"tag-breakingnews","12":"tag-enu-flote","13":"tag-featured-news","14":"tag-featurednews","15":"tag-headlines","16":"tag-krievija","17":"tag-krievijas-iebrukums-ukraina","18":"tag-latest-news","19":"tag-latestnews","20":"tag-latvia","21":"tag-latvian","22":"tag-latviesu","23":"tag-latviesu-valoda","24":"tag-latviesuvaloda","25":"tag-latvija","26":"tag-lv","27":"tag-news","28":"tag-popularakas-zinas","29":"tag-popularakaszinas","30":"tag-sankcijas","31":"tag-top-stories","32":"tag-topstories","33":"tag-world","34":"tag-world-news","35":"tag-worldnews","36":"tag-zinas","37":"tag-zinas-no-arvalstim"},"share_on_mastodon":{"url":"https:\/\/pubeurope.com\/@lv\/115959858612710411","error":""},"_links":{"self":[{"href":"https:\/\/www.europesays.com\/lv\/wp-json\/wp\/v2\/posts\/113696","targetHints":{"allow":["GET"]}}],"collection":[{"href":"https:\/\/www.europesays.com\/lv\/wp-json\/wp\/v2\/posts"}],"about":[{"href":"https:\/\/www.europesays.com\/lv\/wp-json\/wp\/v2\/types\/post"}],"author":[{"embeddable":true,"href":"https:\/\/www.europesays.com\/lv\/wp-json\/wp\/v2\/users\/2"}],"replies":[{"embeddable":true,"href":"https:\/\/www.europesays.com\/lv\/wp-json\/wp\/v2\/comments?post=113696"}],"version-history":[{"count":0,"href":"https:\/\/www.europesays.com\/lv\/wp-json\/wp\/v2\/posts\/113696\/revisions"}],"wp:featuredmedia":[{"embeddable":true,"href":"https:\/\/www.europesays.com\/lv\/wp-json\/wp\/v2\/media\/113697"}],"wp:attachment":[{"href":"https:\/\/www.europesays.com\/lv\/wp-json\/wp\/v2\/media?parent=113696"}],"wp:term":[{"taxonomy":"category","embeddable":true,"href":"https:\/\/www.europesays.com\/lv\/wp-json\/wp\/v2\/categories?post=113696"},{"taxonomy":"post_tag","embeddable":true,"href":"https:\/\/www.europesays.com\/lv\/wp-json\/wp\/v2\/tags?post=113696"}],"curies":[{"name":"wp","href":"https:\/\/api.w.org\/{rel}","templated":true}]}}