{"id":11370,"date":"2025-10-03T11:06:14","date_gmt":"2025-10-03T11:06:14","guid":{"rendered":"https:\/\/www.europesays.com\/lv\/11370\/"},"modified":"2025-10-03T11:06:14","modified_gmt":"2025-10-03T11:06:14","slug":"es-lideriem-nav-izdevies-vienoties-par-krievijas-aktivu-nodosanu-ukrainai","status":"publish","type":"post","link":"https:\/\/www.europesays.com\/lv\/11370\/","title":{"rendered":"ES l\u012bderiem nav izdevies vienoties par Krievijas akt\u012bvu nodo\u0161anu Ukrainai"},"content":{"rendered":"<p>Eiropas Savien\u012bbas (ES) dal\u012bbvalstu l\u012bderiem neform\u0101laj\u0101 samit\u0101 Kopenh\u0101gen\u0101 neizdev\u0101s pan\u0101kt progresu sarun\u0101s par Eirop\u0101 iesald\u0113to Krievijas akt\u012bvu 140 miljardu eiro v\u0113rt\u012bb\u0101 izmanto\u0161anu pal\u012bdz\u012bbas snieg\u0161anai Ukrainai, v\u0113sta laikraksts &#8220;Financial Times&#8221;.<\/p>\n<p>Be\u013c\u0123ija piepras\u012bja, lai riski tiktu sadal\u012bti starp vis\u0101m ES dal\u012bbvalst\u012bm un lai tiktu nodro\u0161in\u0101ta tiesisk\u0101 aizsardz\u012bba Maskavas pras\u012bbu gad\u012bjum\u0101. Ar\u012b Francija un Luksemburga pauda ba\u017eas par juridiskaj\u0101m sek\u0101m.<\/p>\n<p>P\u0101r\u0113jie l\u012bderi kopum\u0101 piekrita l\u012bdzek\u013cu izmanto\u0161anas principam, bet uzdeva Eiropas Komisijai (EK) izstr\u0101d\u0101t pl\u0101na juridisk\u0101s un finansi\u0101l\u0101s deta\u013cas. Saska\u0146\u0101 ar &#8220;Financial Times&#8221; zi\u0146oto liel\u0101 darba apjoma d\u0113\u013c maz ticams, ka priek\u0161likums b\u016bs gatavs l\u012bdz n\u0101kamajam samitam, kas p\u0113c trim ned\u0113\u013c\u0101m pl\u0101nots Brisel\u0113.<\/p>\n<p>Latviju \u0161aj\u0101 san\u0101ksm\u0113 p\u0101rst\u0101v\u0113ja Ministru prezidente Evika Sili\u0146a (JV). Tauj\u0101ti, k\u0101p\u0113c nevedas non\u0101kt pie vieno\u0161an\u0101s par iesald\u0113to akt\u012bvu izmanto\u0161anu Ukrainas lab\u0101, premjeres p\u0101rst\u0101vji pauda, ka Sili\u0146as skat\u012bjum\u0101 tom\u0113r progress esot.<\/p>\n<p>&#8220;Vakar ES valstu l\u012bderi pirmo reizi apsprieda \u0161o Eiropas Komisijas priek\u0161likumu par Krievijas Centr\u0101l\u0101s bankas iesald\u0113to l\u012bdzek\u013cu izmanto\u0161anu Ukrainas atbalstam. L\u012bdz \u0161im ir bijusi izmantota tikai iesald\u0113to l\u012bdzek\u013cu rad\u012bt\u0101 virspe\u013c\u0146a, t\u0101p\u0113c priek\u0161likums par pa\u0161u iesald\u0113to l\u012bdzek\u013cu izmanto\u0161anu \u0161\u0101d\u0101 inovat\u012bv\u0101 veid\u0101 ir jaunums. M\u016bsu diskusij\u0101s tika pan\u0101kts progress &#8211; palielin\u0101s ES dal\u012bbvalstu izpratne par to, ka Krievijas iesald\u0113to l\u012bdzek\u013cu izmanto\u0161ana var notikt gan tiesisk\u0101, gan makroekonomiski dro\u0161\u0101 veid\u0101,&#8221; kl\u0101st\u012bja premjere.<\/p>\n<p>Sili\u0146a atz\u012bm\u0113ja, ka dal\u012bbvalst\u012bm par ieceri v\u0113l ir jaut\u0101jumi un neskaidr\u012bbas, bet darbs turpin\u0101\u0161oties.<\/p>\n<p>&#8220;Latvija vienm\u0113r ir atbalst\u012bjusi iesald\u0113to Krievijas Centr\u0101l\u0101s bankas l\u012bdzek\u013cu izmanto\u0161anu Ukrainas atbalstam. M\u0113s sekosim l\u012bdzi, lai diskusijas neapst\u0101tos pie l\u012bdz \u0161im sasniegt\u0101 un \u0161\u012b iniciat\u012bva virz\u012btos uz rezult\u0101tu, kas nodro\u0161in\u0101tu liel\u0101ku atbalstu Ukrainai,&#8221; paudusi Sili\u0146a, atz\u012bm\u0113jot, ka n\u0101kamaj\u0101 Eiropadomes s\u0113d\u0113 p\u0113c tr\u012bs ned\u0113\u013c\u0101m par to tiks run\u0101ts padzi\u013cin\u0101ti.<\/p>\n<p>Vienlaikus jaut\u0101jums par Krievijas akt\u012bvu izmanto\u0161anu tika apspriests G7 finan\u0161u ministru tie\u0161saistes san\u0101ksm\u0113. Grup\u0101 eso\u0161o ES valstu p\u0101rst\u0101vji cent\u0101s p\u0101rliecin\u0101t savus partnerus pievienoties ES iniciat\u012bvai. Izdevums &#8220;Politico&#8221; nor\u0101da, ka Eiropas Centr\u0101l\u0101 banka baid\u0101s no uztic\u012bbas krituma eiro, ta\u010du ASV un Jap\u0101nas atbalsts m\u012bkstin\u0101tu sekas.<\/p>\n<p>V\u0101cijas kanclers Fr\u012bdrihs Mercs iepriek\u0161 pauda atbalstu idejai par 140 miljardu eiro p\u0101rskait\u012b\u0161anu Ukrainai, izmantojot bezkupona oblig\u0101ciju un repar\u0101cijas aizdevuma meh\u0101nismu.<\/p>\n<p>Tikm\u0113r Krievijas diktators Vladimirs Putins 30.septembr\u012b parakst\u012bja dekr\u0113tu par jaunu feder\u0101lo akt\u012bvu p\u0101rdo\u0161anas k\u0101rt\u012bbu. Saska\u0146\u0101 ar a\u0123ent\u016bras &#8220;Bloomberg&#8221; zi\u0146oto Krievija ir gatava nacionaliz\u0113t un \u0101tri p\u0101rdot \u0101rvalstu akt\u012bvus, rea\u0123\u0113jot uz iesp\u0113jamu t\u0101s l\u012bdzek\u013cu konfisk\u0101ciju \u0101rvalst\u012bs.<\/p>\n","protected":false},"excerpt":{"rendered":"Eiropas Savien\u012bbas (ES) dal\u012bbvalstu l\u012bderiem neform\u0101laj\u0101 samit\u0101 Kopenh\u0101gen\u0101 neizdev\u0101s pan\u0101kt progresu sarun\u0101s par Eirop\u0101 iesald\u0113to Krievijas akt\u012bvu 140&hellip;\n","protected":false},"author":2,"featured_media":11371,"comment_status":"","ping_status":"","sticky":false,"template":"","format":"standard","meta":{"footnotes":""},"categories":[14],"tags":[129,470,473,2334,4167,1209,23,57,28,29,32,33,22,30,31,35,39,38,36,37,34,40,20,26,27,4168,471,2335,474,1210,4169,472,2336,475,1211,24,25,54,55,56,21,58],"class_list":{"0":"post-11370","1":"post","2":"type-post","3":"status-publish","4":"format-standard","5":"has-post-thumbnail","7":"category-zinas-no-arvalstim","8":"tag-__typenameadvicekeyword","9":"tag-id532","10":"tag-id549","11":"tag-id554","12":"tag-id728","13":"tag-id824","14":"tag-aktualitates","15":"tag-arvalstim","16":"tag-breaking-news","17":"tag-breakingnews","18":"tag-featured-news","19":"tag-featurednews","20":"tag-headlines","21":"tag-latest-news","22":"tag-latestnews","23":"tag-latvia","24":"tag-latvian","25":"tag-latviesu","26":"tag-latviesu-valoda","27":"tag-latviesuvaloda","28":"tag-latvija","29":"tag-lv","30":"tag-news","31":"tag-popularakas-zinas","32":"tag-popularakaszinas","33":"tag-slugeiropas-savieniba-es","34":"tag-slugkars-ukraina","35":"tag-slugkrievija","36":"tag-slugkrievijas-iebrukums-ukraina","37":"tag-slugpolitika","38":"tag-titleeiropas-savieniba-es","39":"tag-titlekars-ukraina","40":"tag-titlekrievija","41":"tag-titlekrievijas-iebrukums-ukraina","42":"tag-titlepolitika","43":"tag-top-stories","44":"tag-topstories","45":"tag-world","46":"tag-world-news","47":"tag-worldnews","48":"tag-zinas","49":"tag-zinas-no-arvalstim"},"share_on_mastodon":{"url":"","error":""},"_links":{"self":[{"href":"https:\/\/www.europesays.com\/lv\/wp-json\/wp\/v2\/posts\/11370","targetHints":{"allow":["GET"]}}],"collection":[{"href":"https:\/\/www.europesays.com\/lv\/wp-json\/wp\/v2\/posts"}],"about":[{"href":"https:\/\/www.europesays.com\/lv\/wp-json\/wp\/v2\/types\/post"}],"author":[{"embeddable":true,"href":"https:\/\/www.europesays.com\/lv\/wp-json\/wp\/v2\/users\/2"}],"replies":[{"embeddable":true,"href":"https:\/\/www.europesays.com\/lv\/wp-json\/wp\/v2\/comments?post=11370"}],"version-history":[{"count":0,"href":"https:\/\/www.europesays.com\/lv\/wp-json\/wp\/v2\/posts\/11370\/revisions"}],"wp:featuredmedia":[{"embeddable":true,"href":"https:\/\/www.europesays.com\/lv\/wp-json\/wp\/v2\/media\/11371"}],"wp:attachment":[{"href":"https:\/\/www.europesays.com\/lv\/wp-json\/wp\/v2\/media?parent=11370"}],"wp:term":[{"taxonomy":"category","embeddable":true,"href":"https:\/\/www.europesays.com\/lv\/wp-json\/wp\/v2\/categories?post=11370"},{"taxonomy":"post_tag","embeddable":true,"href":"https:\/\/www.europesays.com\/lv\/wp-json\/wp\/v2\/tags?post=11370"}],"curies":[{"name":"wp","href":"https:\/\/api.w.org\/{rel}","templated":true}]}}