{"id":113727,"date":"2026-01-26T06:21:10","date_gmt":"2026-01-26T06:21:10","guid":{"rendered":"https:\/\/www.europesays.com\/lv\/113727\/"},"modified":"2026-01-26T06:21:10","modified_gmt":"2026-01-26T06:21:10","slug":"nedelas-sakuma-sniegs-vietam-atkala-un-sals-lidz-20-gradiem","status":"publish","type":"post","link":"https:\/\/www.europesays.com\/lv\/113727\/","title":{"rendered":"ned\u0113\u013cas s\u0101kum\u0101 sniegs, viet\u0101m atkala un sals l\u012bdz \u201320 gr\u0101diem &#8211;"},"content":{"rendered":"<p style=\"text-align: justify;\">Pirmdien b\u016bs liel\u0101koties m\u0101ko\u0146ains laiks. Nakt\u012b galvenok\u0101rt centr\u0101lajos rajonos, dien\u0101 daudzviet Latvij\u0101 gaid\u0101ms sniegs, viet\u0101m sniega sega pieaugs par 2-4 cm. P\u016bt\u012bs l\u0113ns l\u012bdz m\u0113rens austrumu, dienvidaustrumu v\u0113j\u0161, v\u0113sta Latvijas Vides, \u0123eolo\u0123ijas un meteorolo\u0123ijas centr\u0101.<\/p>\n<p style=\"text-align: justify;\">Minim\u0101l\u0101 gaisa temperat\u016bra nakt\u012b rietumu un centr\u0101lajos rajonos b\u016bs -10\u2026-15 gr\u0101du robe\u017e\u0101s, savuk\u0101rt austrumos -15\u2026-20 gr\u0101di. Dien\u0101 maksim\u0101l\u0101 gaisa temperat\u016bra b\u016bs -8\u2026-13 gr\u0101di, Kurzemes piekrast\u0113 -5\u2026-8 gr\u0101di.<\/p>\n<p style=\"text-align: justify;\">Otrdien liel\u0101kaj\u0101 da\u013c\u0101 Latvijas gaid\u0101ma snig\u0161ana, sniega segas biezumam pieaugot par 1-4 cm, viet\u0101m valsts dienvidos ar\u012b par 5-8 cm. Viet\u0101m valsts dienvidos iesp\u0113jama ar\u012b atkala, t\u0101d\u0113\u013c satiksmes dal\u012bbniekiem j\u0101b\u016bt \u012bpa\u0161i uzman\u012bgiem, nor\u0101da Latvijas Vides, \u0123eolo\u0123ijas un meteorolo\u0123ijas centr\u0101.<\/p>\n<p style=\"text-align: justify;\">P\u016bt\u012bs l\u0113ns l\u012bdz m\u0113rens austrumu, zieme\u013caustrumu v\u0113j\u0161, kas l\u012b\u010da Kurzemes piekrast\u0113 b\u016bs br\u0101zmains. Minim\u0101l\u0101 gaisa temperat\u016bra nakt\u012b b\u016bs -8\u2026-13 gr\u0101di, bet Vidzemes zieme\u013cos termometra stabi\u0146\u0161 nosl\u012bd\u0113s l\u012bdz -14\u2026-18 gr\u0101du atz\u012bmei, savuk\u0101rt Kurzemes piekrast\u0113 b\u016bs nedaudz silt\u0101ks \u2013 tur -5\u2026-8 gr\u0101di. Maksim\u0101l\u0101 gaisa temperat\u016bra dien\u0101 b\u016bs -7\u2026-11 gr\u0101di, Kurzemes piekrast\u0113 saglab\u0101joties par da\u017eiem gr\u0101diem silt\u0101kam.<\/p>\n<p style=\"text-align: justify;\">Sinopti\u0137i nor\u0101da, ka tre\u0161dien arvien saglab\u0101sies apm\u0101cies laiks un\u00a0daudzviet snigs. P\u016bt\u012bs l\u0113ns l\u012bdz m\u0113rens zieme\u013cu, zieme\u013caustrumu v\u0113j\u0161, br\u0101zmas l\u012b\u010da Kurzemes piekrast\u0113 joproj\u0101m saglab\u0101sies. Minim\u0101l\u0101 gaisa temperat\u016bra nakt\u012b un maksim\u0101l\u0101 dien\u0101 b\u016bs -5\u2026-10 gr\u0101du robe\u017e\u0101s, v\u0113s\u0101k Vidzem\u0113 -9\u2026-12 gr\u0101di.<\/p>\n<p style=\"text-align: justify;\">Ned\u0113\u013cas otraj\u0101 pus\u0113\u00a0nokri\u0161\u0146i mit\u0113sies, k\u0101 ar\u012b saglab\u0101sies l\u0113ns l\u012bdz m\u0113rens austrumu puses v\u0113j\u0161. Lai ar\u012b laika prognozes ir main\u012bgas, arvien saglab\u0101sies ziemai rakstur\u012bga negat\u012bva gaisa temperat\u016bra, atsevi\u0161\u0137\u0101s nakt\u012bs viet\u0101m, galvenok\u0101rt austrumu rajonos, termometra stabi\u0146\u0161 sasniegs l\u012bdz -20 gr\u0101du atz\u012bmi.<\/p>\n<p style=\"text-align: justify;\"><a style=\"color: #800000;\" href=\"https:\/\/bnn.lv\/bnn-fokusa-taupibas-rezims-uz-papira-premijas-dzive-politologs-par-valsts-dubultstandartiem-69835\" rel=\"nofollow noopener\" target=\"_blank\">Lasiet ar\u012b: BNN fokus\u0101 | Taup\u012bbas re\u017e\u012bms uz pap\u012bra, pr\u0113mijas dz\u012bv\u0113 \u2013 politologs par valsts dubultstandartiem<\/a><\/p>\n<p>Seko mums ar\u012b\u00a0<a href=\"https:\/\/www.facebook.com\/bnnlv\" rel=\"nofollow noopener\" target=\"_blank\">Facebook<\/a>,\u00a0<a href=\"https:\/\/www.draugiem.lv\/bnn.lv\/\" rel=\"nofollow noopener\" target=\"_blank\">Draugiem<\/a>\u00a0un\u00a0<a href=\"https:\/\/twitter.com\/home\" rel=\"nofollow noopener\" target=\"_blank\">X<\/a>!<\/p>\n<p><script async src=\"https:\/\/platform.twitter.com\/widgets.js\" charset=\"utf-8\"><\/script><\/p>\n","protected":false},"excerpt":{"rendered":"Pirmdien b\u016bs liel\u0101koties m\u0101ko\u0146ains laiks. Nakt\u012b galvenok\u0101rt centr\u0101lajos rajonos, dien\u0101 daudzviet Latvij\u0101 gaid\u0101ms sniegs, viet\u0101m sniega sega pieaugs&hellip;\n","protected":false},"author":2,"featured_media":113728,"comment_status":"","ping_status":"","sticky":false,"template":"","format":"standard","meta":{"footnotes":""},"categories":[5],"tags":[23,16354,28,29,32,33,22,152,1052,30,31,35,39,38,36,37,34,40,20,26,27,26579,26580,26581,4807,24457,25884,24,25,25885,21],"class_list":{"0":"post-113727","1":"post","2":"type-post","3":"status-publish","4":"format-standard","5":"has-post-thumbnail","7":"category-aktualitates","8":"tag-aktualitates","9":"tag-atkala","10":"tag-breaking-news","11":"tag-breakingnews","12":"tag-featured-news","13":"tag-featurednews","14":"tag-headlines","15":"tag-laika-prognoze","16":"tag-laikapstakli-latvija","17":"tag-latest-news","18":"tag-latestnews","19":"tag-latvia","20":"tag-latvian","21":"tag-latviesu","22":"tag-latviesu-valoda","23":"tag-latviesuvaloda","24":"tag-latvija","25":"tag-lv","26":"tag-news","27":"tag-popularakas-zinas","28":"tag-popularakaszinas","29":"tag-sals-lidz-20","30":"tag-satiksmes-apstakli","31":"tag-sniega-sega","32":"tag-sniegs","33":"tag-snigsana","34":"tag-svarigi","35":"tag-top-stories","36":"tag-topstories","37":"tag-ziema-latvija","38":"tag-zinas"},"share_on_mastodon":{"url":"https:\/\/pubeurope.com\/@lv\/115959960873948854","error":""},"_links":{"self":[{"href":"https:\/\/www.europesays.com\/lv\/wp-json\/wp\/v2\/posts\/113727","targetHints":{"allow":["GET"]}}],"collection":[{"href":"https:\/\/www.europesays.com\/lv\/wp-json\/wp\/v2\/posts"}],"about":[{"href":"https:\/\/www.europesays.com\/lv\/wp-json\/wp\/v2\/types\/post"}],"author":[{"embeddable":true,"href":"https:\/\/www.europesays.com\/lv\/wp-json\/wp\/v2\/users\/2"}],"replies":[{"embeddable":true,"href":"https:\/\/www.europesays.com\/lv\/wp-json\/wp\/v2\/comments?post=113727"}],"version-history":[{"count":0,"href":"https:\/\/www.europesays.com\/lv\/wp-json\/wp\/v2\/posts\/113727\/revisions"}],"wp:featuredmedia":[{"embeddable":true,"href":"https:\/\/www.europesays.com\/lv\/wp-json\/wp\/v2\/media\/113728"}],"wp:attachment":[{"href":"https:\/\/www.europesays.com\/lv\/wp-json\/wp\/v2\/media?parent=113727"}],"wp:term":[{"taxonomy":"category","embeddable":true,"href":"https:\/\/www.europesays.com\/lv\/wp-json\/wp\/v2\/categories?post=113727"},{"taxonomy":"post_tag","embeddable":true,"href":"https:\/\/www.europesays.com\/lv\/wp-json\/wp\/v2\/tags?post=113727"}],"curies":[{"name":"wp","href":"https:\/\/api.w.org\/{rel}","templated":true}]}}