{"id":113731,"date":"2026-01-26T06:25:03","date_gmt":"2026-01-26T06:25:03","guid":{"rendered":"https:\/\/www.europesays.com\/lv\/113731\/"},"modified":"2026-01-26T06:25:03","modified_gmt":"2026-01-26T06:25:03","slug":"krievijas-raditie-drosibas-riski-eiropai-un-latvijai-butiski-palielinas-verte-sab","status":"publish","type":"post","link":"https:\/\/www.europesays.com\/lv\/113731\/","title":{"rendered":"Krievijas rad\u012btie dro\u0161\u012bbas riski Eiropai un Latvijai b\u016btiski palielin\u0101s, v\u0113rt\u0113 SAB"},"content":{"rendered":"<p>SAB uzsver, ka Krievijas m\u0113r\u0137is ir v\u0101jin\u0101t Rietumus gan valstisk\u0101, gan starptautisk\u0101 l\u012bmen\u012b. &#8220;P\u0113d\u0113jo gadu laik\u0101 Rietumu k\u0101 eksistenci\u0101la drauda valdo\u0161ajam re\u017e\u012bmam uztvere ir tikai pastiprin\u0101jusies. <a href=\"https:\/\/www.apollo.lv\/term\/555452\/krievija\" class=\"topicLink\" target=\"_blank\" rel=\"nofollow noopener\">Krievija<\/a> uzskata, ka t\u0101 jau \u0161obr\u012bd atrodas tie\u0161\u0101 karadarb\u012bb\u0101 ar Rietumiem un ka c\u012b\u0146a notiek gan Ukrain\u0101, gan glob\u0101li, gan ideolo\u0123iski. Krievijas draudu uztverei saasinoties, dro\u0161\u012bbas riski Eirop\u0101 b\u016btiski palielin\u0101s,&#8221; pausts p\u0101rskat\u0101.<\/p>\n<p>Specdienests uzsver, ka savas ietekmes un pl\u0101nu \u012bsteno\u0161anai Krievija turpina izmantot un past\u0101v\u012bgi piel\u0101go jau eso\u0161os, k\u0101 ar\u012b veido jaunus hibr\u012bdinstrumentus. Viens no arvien akt\u012bv\u0101k piem\u0113rotajiem instrumentiem esot juridisko meh\u0101nismu izmanto\u0161ana starptautiskaj\u0101 ar\u0113n\u0101 ar m\u0113r\u0137i starptautiski diskredit\u0113t Latviju, un ilg\u0101k\u0101 laika posm\u0101 pan\u0101kt, ka uz Latviju tiek izdar\u012bts starptautisks spiediens, lai <a href=\"https:\/\/www.apollo.lv\/term\/555432\/latvija\" class=\"topicLink\" target=\"_blank\" rel=\"nofollow noopener\">Latvija<\/a> main\u012btu savu r\u012bc\u012bbpolitiku pret Krieviju.<\/p>\n<p>SAB v\u0113rt\u0113jum\u0101, Krievija turpin\u0101s uztur\u0113t ar\u012b milit\u0101ru apdraud\u0113jumu sav\u0101m kaimi\u0146valst\u012bm un <a href=\"https:\/\/www.apollo.lv\/term\/9898\/nato\" class=\"topicLink\" target=\"_blank\" rel=\"nofollow noopener\">NATO<\/a> kopum\u0101. T\u0101s ekonomikas militariz\u0101cija un milit\u0101ro sp\u0113ju att\u012bst\u012b\u0161ana turpin\u0101sies ar\u012b p\u0113c kara Ukrain\u0101 nosl\u0113guma vai iesald\u0113\u0161anas.<\/p>\n","protected":false},"excerpt":{"rendered":"SAB uzsver, ka Krievijas m\u0113r\u0137is ir v\u0101jin\u0101t Rietumus gan valstisk\u0101, gan starptautisk\u0101 l\u012bmen\u012b. &#8220;P\u0113d\u0113jo gadu laik\u0101 Rietumu k\u0101&hellip;\n","protected":false},"author":2,"featured_media":113732,"comment_status":"","ping_status":"","sticky":false,"template":"","format":"standard","meta":{"footnotes":""},"categories":[14],"tags":[1546,23,57,28,29,427,514,32,33,22,234,74,30,31,35,39,38,36,37,34,40,71,20,26,27,10185,24,25,54,55,56,21,58],"class_list":{"0":"post-113731","1":"post","2":"type-post","3":"status-publish","4":"format-standard","5":"has-post-thumbnail","7":"category-zinas-no-arvalstim","8":"tag-aizsardziba","9":"tag-aktualitates","10":"tag-arvalstim","11":"tag-breaking-news","12":"tag-breakingnews","13":"tag-eiropa","14":"tag-eiropas-savieniba","15":"tag-featured-news","16":"tag-featurednews","17":"tag-headlines","18":"tag-krievija","19":"tag-krievijas-iebrukums-ukraina","20":"tag-latest-news","21":"tag-latestnews","22":"tag-latvia","23":"tag-latvian","24":"tag-latviesu","25":"tag-latviesu-valoda","26":"tag-latviesuvaloda","27":"tag-latvija","28":"tag-lv","29":"tag-nato","30":"tag-news","31":"tag-popularakas-zinas","32":"tag-popularakaszinas","33":"tag-satversmes-aizsardzibas-birojs","34":"tag-top-stories","35":"tag-topstories","36":"tag-world","37":"tag-world-news","38":"tag-worldnews","39":"tag-zinas","40":"tag-zinas-no-arvalstim"},"share_on_mastodon":{"url":"","error":"Validation failed: Text character limit of 500 exceeded"},"_links":{"self":[{"href":"https:\/\/www.europesays.com\/lv\/wp-json\/wp\/v2\/posts\/113731","targetHints":{"allow":["GET"]}}],"collection":[{"href":"https:\/\/www.europesays.com\/lv\/wp-json\/wp\/v2\/posts"}],"about":[{"href":"https:\/\/www.europesays.com\/lv\/wp-json\/wp\/v2\/types\/post"}],"author":[{"embeddable":true,"href":"https:\/\/www.europesays.com\/lv\/wp-json\/wp\/v2\/users\/2"}],"replies":[{"embeddable":true,"href":"https:\/\/www.europesays.com\/lv\/wp-json\/wp\/v2\/comments?post=113731"}],"version-history":[{"count":0,"href":"https:\/\/www.europesays.com\/lv\/wp-json\/wp\/v2\/posts\/113731\/revisions"}],"wp:featuredmedia":[{"embeddable":true,"href":"https:\/\/www.europesays.com\/lv\/wp-json\/wp\/v2\/media\/113732"}],"wp:attachment":[{"href":"https:\/\/www.europesays.com\/lv\/wp-json\/wp\/v2\/media?parent=113731"}],"wp:term":[{"taxonomy":"category","embeddable":true,"href":"https:\/\/www.europesays.com\/lv\/wp-json\/wp\/v2\/categories?post=113731"},{"taxonomy":"post_tag","embeddable":true,"href":"https:\/\/www.europesays.com\/lv\/wp-json\/wp\/v2\/tags?post=113731"}],"curies":[{"name":"wp","href":"https:\/\/api.w.org\/{rel}","templated":true}]}}