{"id":113762,"date":"2026-01-26T06:51:03","date_gmt":"2026-01-26T06:51:03","guid":{"rendered":"https:\/\/www.europesays.com\/lv\/113762\/"},"modified":"2026-01-26T06:51:03","modified_gmt":"2026-01-26T06:51:03","slug":"dons-ar-dziesmu-tuvums-uzvar-muzikalaja-banka-jekabpils-laiks-jekabpils-zinas","status":"publish","type":"post","link":"https:\/\/www.europesays.com\/lv\/113762\/","title":{"rendered":"Dons ar dziesmu \u201cTuvums\u201d uzvar \u201cMuzik\u0101laj\u0101 bank\u0101\u201d \/ J\u0113kabpils Laiks: J\u0113kabpils zi\u0146as"},"content":{"rendered":"<p>\u201cLatvijas Radio 2\u201d r\u012bkot\u0101s ikgad\u0113j\u0101s dziesmu aptaujas \u201cMuzik\u0101l\u0101 banka\u201d nosl\u0113guma ceremonija norit\u0113ja Daugavpil\u012b, kur pulc\u0113j\u0101s daudzi latvie\u0161u m\u016bzikas m\u012b\u013cot\u0101ji. Par v\u0113rt\u012bg\u0101k\u0101s dziesmas titulu fin\u0101l\u0101 sacent\u0101s 15 dziesmas, kuras izv\u0113l\u0113j\u0101s klaus\u012bt\u0101ji un eksperti. Savuk\u0101rt gal\u012bgo rezult\u0101tu noteica skat\u012bt\u0101ju un klaus\u012bt\u0101ju balsojums ceremonijas tie\u0161raid\u0113.<\/p>\n<p>Par 2025. gada v\u0113rt\u012bg\u0101ko dziesmu k\u013cuva Dona singls \u201cTUVUMS\u201d, otro vietu ieguva \u201cSudden Lights\u201d dziesma \u201cLAI TEV APN\u012aK SKUMT\u201d, bet tre\u0161o vietu ie\u0146em Miks Galvanovskis ar darbu \u201cKAD IZDZIS\u012aS\u201d.<\/p>\n<p>P\u0101r\u0113j\u0101s 12 fin\u0101ldziesmas gala balsojum\u0101 ierindojas \u0161\u0101di:<\/p>\n<ul>&#13;<\/p>\n<li>4. D\u0100RZNIEKS \u2013 Viktors Buntovskis;<\/li>\n<p>&#13;<\/p>\n<li>5. PA\u0160AM B\u016aT \u2013 Emilija;\u00a0<\/li>\n<p>&#13;<\/p>\n<li>6. SAUCIET \u2013 Antra Stafecka;<\/li>\n<p>&#13;<\/p>\n<li>7. EZERA SON\u0100TE \u2013 Ivo Fomins;\u00a0<\/li>\n<p>&#13;<\/p>\n<li>8. BAUDAM! \u2013 FI\u0145\u0136IS;\u00a0<\/li>\n<p>&#13;<\/p>\n<li>9. GRIB\u0112JU B\u016aT ROKST\u0100RS \u2013 \u201cPr\u0101ta V\u0113tra\u201d;\u00a0<\/li>\n<p>&#13;<\/p>\n<li>10. DZ\u012aVE M\u016aS M\u0112T\u0100 \u2013 \u201cAtvara\u201d;\u00a0<\/li>\n<p>&#13;<\/p>\n<li>11. ACIS \u2013 Y\u016aT;\u00a0<\/li>\n<p>&#13;<\/p>\n<li>12. LAB\u0100K\u0100 DOMA PASAUL\u0112 \u2013 \u201cCarnival Youth\u201d, Evija V\u0113bere;\u00a0<\/li>\n<p>&#13;<\/p>\n<li>13. V\u0112L VIENU REIZ \u2013 \u201cKautkaili\u201d;<\/li>\n<p>&#13;<\/p>\n<li>14. CITOS MED\u012aBU LAUKOS \u2013 \u201cMed\u012bbu Lauki\u201d;<\/li>\n<p>&#13;<\/p>\n<li>15. ASARAS VAIRS NAV T\u0100 V\u0112RTAS \u2013 Luize Burmistrova.<\/li>\n<p>&#13;\n<\/ul>\n<p>&#8220;Muzik\u0101l\u0101s bankas&#8221; liel\u0101 fin\u0101lbalsojuma dziesmas v\u0113rt\u0113ja neatkar\u012bga un profesion\u0101la \u017e\u016brija: diri\u0123ents Gints Ceplenieks, operdzied\u0101t\u0101js Edgars O\u0161leja, pianists, komponists, aran\u017e\u0113t\u0101js Mat\u012bss \u017dilinskis, m\u016bzi\u0137e, grupas &#8220;Tautumeitas&#8221; dal\u012bbniece Asnate Ranc\u0101ne, m\u016bzi\u0137is, &#8220;Latvijas Radio 5&#8221; \u0113tera person\u012bba Bruno J\u0101nis Skrasti\u0146\u0161, komponiste Anna Fi\u0161ere, m\u016bzi\u0137is Atis Zviedris, laikmet\u012bg\u0101s un d\u017eeza m\u016bzikas saksofonists, komponists K\u0101rlis Auzi\u0146\u0161, aktrise Agnese Budovska un Latvijas Sabiedrisk\u0101 medija (LSM) m\u016bzikas apskatniece Aiga Leitholde. Ekspertu v\u0113rt\u0113jum\u0101 pirmo vietu ieguva \u201cCarnival Youth\u201d un Evijas V\u0113beres kopdarbs.<\/p>\n<p>Nosl\u0113guma ceremonij\u0101 l\u012bdz\u0101s fin\u0101listu priek\u0161nesumiem skat\u012bt\u0101ji un klaus\u012bt\u0101ji var\u0113ja baud\u012bt ar\u012b citu m\u016bzi\u0137u sniegumu, piem\u0113ram, M\u0101r\u010da Auzi\u0146a vad\u012bb\u0101 uz skatuves satik\u0101s Latvijas Radio le\u0123enda Gun\u0101rs J\u0101kobsons ar draugu Osvaldu Strodu, Margaritas Vilc\u0101nes balss, \u0112riks Loks, Antra Stafecka, Emilija, Miks Galvanovskis, Andrejs Reinis Zitmanis, kameror\u0137estris \u201eDaugavpils sinfonietta\u201d, or\u0137estris \u201eDaugava\u201d un koris \u201eDaugava\u201d. Priek\u0161nesums bija k\u0101 sveiciens Maestro Raimondam Paulam 90 gadu jubilej\u0101.<\/p>\n<p>Ralfa Eilanda izpild\u012bjum\u0101 izskan\u0113ja labdar\u012bbas maratona \u201cDod pieci!\u201d himna, savu jaun\u0101ko veikumu prezent\u0113ja pag\u0101ju\u0161\u0101 gada \u201eMuzik\u0101l\u0101s bankas\u201d tre\u0161\u0101s vietas ieguv\u0113js Chris Noah un p\u0113rn\u0101 gada \u201eP\u0101rdziedi mani!\u201d uzvar\u0113t\u0101js Maksims Busels. \u012apa\u0161u muzik\u0101lo p\u0101rsteigumu \u2013 \u201cNovadu c\u012b\u0146as\u201d bija sagatavojusi apvien\u012bba \u201cCiti z\u0113ni\u201d kop\u0101 ar Edgaru B\u0101li\u0146u, Odu, Reiku un Latgal\u012b\u0161u repu.<\/p>\n<p>Ar ska\u013c\u0101m ov\u0101cij\u0101m uz skatuves tika sagaid\u012bta le\u0123end\u0101r\u0101 grupa \u201cEolika\u201d, un tik zin\u0101majai dziesmai \u201cPasaule, pasaul\u012bt!\u201d z\u0101l\u0113 kl\u0101teso\u0161ie dzied\u0101ja l\u012bdzi, k\u0101j\u0101s st\u0101vot.<\/p>\n<p>Fin\u0101l\u0161ovu vad\u012bja\u00a0\u201cLatvijas Radio 2\u201d \u0113tera person\u012bbas Kaspars Mauri\u0146\u0161 un El\u012bna Kr\u016bkle, savuk\u0101rt aizkulis\u0113s ar m\u0101ksliniekiem sarun\u0101j\u0101s Kaspars Mark\u0161evics un\u00a0\u201cLatvijas Radio 5\u201d\u00a0\u0113tera balss Linda Samsonova.<\/p>\n<p>&#8220;Latvijas Radio 2&#8221; popa un roka dziesmu aptauja &#8220;Muzik\u0101l\u0101 banka&#8221; 26 gadus nosaka v\u0113rt\u012bg\u0101k\u0101s dziesmas. Visa gada garum\u0101 klaus\u012bt\u0101ju balsojums balvas t\u012bmek\u013cvietn\u0113 nosaka ned\u0113\u013cas, m\u0113ne\u0161a un gada v\u0113rt\u012bg\u0101k\u0101s popa un roka dziesmas. &#8220;Muzik\u0101l\u0101s bankas&#8221; gada aptauja nosl\u0113dzas ar apbalvo\u0161anas ceremoniju, kur\u0101 piedal\u0101s to dziesmu autori un izpild\u012bt\u0101ji, kuru darbi no radio klaus\u012bt\u0101ju un \u017e\u016brijas puses tiek nov\u0113rt\u0113ti visaugst\u0101k.<\/p>\n","protected":false},"excerpt":{"rendered":"\u201cLatvijas Radio 2\u201d r\u012bkot\u0101s ikgad\u0113j\u0101s dziesmu aptaujas \u201cMuzik\u0101l\u0101 banka\u201d nosl\u0113guma ceremonija norit\u0113ja Daugavpil\u012b, kur pulc\u0113j\u0101s daudzi latvie\u0161u m\u016bzikas&hellip;\n","protected":false},"author":2,"featured_media":113763,"comment_status":"","ping_status":"","sticky":false,"template":"","format":"standard","meta":{"footnotes":""},"categories":[5],"tags":[23,28,29,32,33,22,987,986,30,31,35,39,38,36,37,34,40,20,26,27,24,25,21],"class_list":{"0":"post-113762","1":"post","2":"type-post","3":"status-publish","4":"format-standard","5":"has-post-thumbnail","7":"category-aktualitates","8":"tag-aktualitates","9":"tag-breaking-news","10":"tag-breakingnews","11":"tag-featured-news","12":"tag-featurednews","13":"tag-headlines","14":"tag-jekabpils-zinas","15":"tag-jekabpilslaiks","16":"tag-latest-news","17":"tag-latestnews","18":"tag-latvia","19":"tag-latvian","20":"tag-latviesu","21":"tag-latviesu-valoda","22":"tag-latviesuvaloda","23":"tag-latvija","24":"tag-lv","25":"tag-news","26":"tag-popularakas-zinas","27":"tag-popularakaszinas","28":"tag-top-stories","29":"tag-topstories","30":"tag-zinas"},"share_on_mastodon":{"url":"https:\/\/pubeurope.com\/@lv\/115960078843144258","error":""},"_links":{"self":[{"href":"https:\/\/www.europesays.com\/lv\/wp-json\/wp\/v2\/posts\/113762","targetHints":{"allow":["GET"]}}],"collection":[{"href":"https:\/\/www.europesays.com\/lv\/wp-json\/wp\/v2\/posts"}],"about":[{"href":"https:\/\/www.europesays.com\/lv\/wp-json\/wp\/v2\/types\/post"}],"author":[{"embeddable":true,"href":"https:\/\/www.europesays.com\/lv\/wp-json\/wp\/v2\/users\/2"}],"replies":[{"embeddable":true,"href":"https:\/\/www.europesays.com\/lv\/wp-json\/wp\/v2\/comments?post=113762"}],"version-history":[{"count":0,"href":"https:\/\/www.europesays.com\/lv\/wp-json\/wp\/v2\/posts\/113762\/revisions"}],"wp:featuredmedia":[{"embeddable":true,"href":"https:\/\/www.europesays.com\/lv\/wp-json\/wp\/v2\/media\/113763"}],"wp:attachment":[{"href":"https:\/\/www.europesays.com\/lv\/wp-json\/wp\/v2\/media?parent=113762"}],"wp:term":[{"taxonomy":"category","embeddable":true,"href":"https:\/\/www.europesays.com\/lv\/wp-json\/wp\/v2\/categories?post=113762"},{"taxonomy":"post_tag","embeddable":true,"href":"https:\/\/www.europesays.com\/lv\/wp-json\/wp\/v2\/tags?post=113762"}],"curies":[{"name":"wp","href":"https:\/\/api.w.org\/{rel}","templated":true}]}}