{"id":113792,"date":"2026-01-26T07:23:10","date_gmt":"2026-01-26T07:23:10","guid":{"rendered":"https:\/\/www.europesays.com\/lv\/113792\/"},"modified":"2026-01-26T07:23:10","modified_gmt":"2026-01-26T07:23:10","slug":"masalskis-neizpratne-par-riharda-bukarta-ieklausanu-latvijas-izlases-sastava-olimpiskajam-spelem-lente-lv-2","status":"publish","type":"post","link":"https:\/\/www.europesays.com\/lv\/113792\/","title":{"rendered":"Masa\u013cskis neizpratn\u0113 par Riharda Bukarta iek\u013cau\u0161anu Latvijas izlases sast\u0101v\u0101 olimpiskaj\u0101m sp\u0113l\u0113m\u00a0\u2014\u00a0Lente.lv"},"content":{"rendered":"<p>Masa\u013cskis pau\u017e kritiku par Bukarta izv\u0113li<\/p>\n<p>Biju\u0161ais Latvijas hokeja izlases v\u0101rtsargs Edgars Masa\u013cskis ir kritiski izteicies par Riharda Bukarta iek\u013cau\u0161anu valstsvien\u012bbas sast\u0101v\u0101 gaid\u0101maj\u0101m Mil\u0101nas olimpiskaj\u0101m sp\u0113l\u0113m, kur vi\u0146\u0161 aizvietos savainoto Rodrigo \u0100bolu. \u00abMan \u0161is l\u0113mums \u0161\u0137iet diezgan nelo\u0123isks,\u00bb Masa\u013cskis paudis podk\u0101st\u0101 &#8220;FaceOff&#8221;. Vi\u0146apr\u0101t, ja Rihards Bukarts tiek iek\u013cauts sast\u0101v\u0101 bez skaidri defin\u0113ta uzdevuma vai konkr\u0113tas vietas mai\u0146\u0101, rodas papildu jaut\u0101jumi par sast\u0101va veido\u0161anas lo\u0123iku. Masa\u013cskis ar\u012b nor\u0101d\u012bjis, ka, p\u0113c vi\u0146a dom\u0101m, \u0161\u0101d\u0101 gad\u012bjum\u0101 Smirnovs b\u016btu peln\u012bjis vietu sast\u0101v\u0101 vair\u0101k.<\/p>\n<p>\u0100bola aizst\u0101\u0161ana un Bukarta situ\u0101cija<\/p>\n<p>Rodrigo \u0100bols guvis k\u0101jas traumu Nacion\u0101l\u0101s hokeja l\u012bgas (NHL) sp\u0113l\u0113, kas vi\u0146am liegs piedal\u012bties olimpiskaj\u0101s sp\u0113l\u0113s. Lai gan prognozes liecina, ka \u0100bols var\u0113tu atgriezties laukum\u0101 p\u0113c se\u0161\u0101m l\u012bdz asto\u0146\u0101m ned\u0113\u013c\u0101m, cerams, ka bez oper\u0101cijas, vi\u0146a promb\u016btne olimpiskaj\u0101s sp\u0113l\u0113s ir neapstr\u012bdama. Par vi\u0146a aizst\u0101j\u0113ju tika izv\u0113l\u0113ts Rihards Bukarts, kur\u0161 savu sezonu Slov\u0101kijas ekstral\u012bg\u0101 s\u0101cis vien pirms m\u0113ne\u0161a, devi\u0146\u0101s sp\u0113l\u0113s g\u016bstot 9 rezultativit\u0101tes punktus (2+7). Masa\u013cskis atz\u012bst, ka Bukarts var\u0113tu sp\u0113l\u0113t olimpi\u0101d\u0113, ta\u010du pau\u017e neizpratni par izv\u0113li, \u0146emot v\u0113r\u0101 iepriek\u0161\u0113jos komandas komplekt\u0113\u0161anas principus.<\/p>\n<p>Bukarta pievieno\u0161an\u0101s<\/p>\n<p>Rihards Bukarts ir pieredz\u0113jis Latvijas izlases sp\u0113l\u0113t\u0101js, kur\u0161 ir p\u0101rst\u0101v\u0113jis valstsvien\u012bbu ar\u012b iepriek\u0161\u0113jos noz\u012bm\u012bgos turn\u012bros, tostarp Pekinas olimpiskaj\u0101s sp\u0113l\u0113s. P\u0113c vair\u0101kiem savainojumiem un ilg\u0101ka p\u0101rtraukuma, Bukarts atgriez\u0101s laukum\u0101 2025. gada s\u0101kum\u0101, pievienojoties Slov\u0101kijas klubam &#8220;Pre\u0161ov&#8221;. Lai gan vi\u0146\u0161 atzinis, ka pilnv\u0113rt\u012bgas sportisk\u0101s formas atg\u016b\u0161anai nepiecie\u0161ams laiks, vi\u0146\u0161 ir priec\u012bgs par iesp\u0113ju atgriezties un piedal\u012bties olimpiskaj\u0101s sp\u0113l\u0113s, kur var\u0113s sp\u0113l\u0113t kop\u0101 ar savu br\u0101li Robertu.<\/p>\n<p>Izlases sast\u0101va komplekt\u0113\u0161ana<\/p>\n<p>Latvijas hokeja izlases ofici\u0101lais sast\u0101vs 2026. gada olimpiskaj\u0101m sp\u0113l\u0113m tika pazi\u0146ots 2026. gada 6. janv\u0101r\u012b, un tas ietver 25 sp\u0113l\u0113t\u0101jus. Riharda Bukarta pievieno\u0161ana sast\u0101vam p\u0113c Rodrigo \u0100bola savainojuma ir jaun\u0101k\u0101 izmai\u0146a komandas komplekt\u0113\u0161an\u0101. Lai gan ofici\u0101li sast\u0101vs ir nosaukts, \u0161\u0101das izmai\u0146as un to pamatojums turpina rais\u012bt diskusijas.<\/p>\n","protected":false},"excerpt":{"rendered":"Masa\u013cskis pau\u017e kritiku par Bukarta izv\u0113li Biju\u0161ais Latvijas hokeja izlases v\u0101rtsargs Edgars Masa\u013cskis ir kritiski izteicies par Riharda&hellip;\n","protected":false},"author":2,"featured_media":113712,"comment_status":"","ping_status":"","sticky":false,"template":"","format":"standard","meta":{"footnotes":""},"categories":[17],"tags":[26577,394,35,39,38,36,37,34,4765,40,1500,1536,67],"class_list":{"0":"post-113792","1":"post","2":"type-post","3":"status-publish","4":"format-standard","5":"has-post-thumbnail","7":"category-sports","8":"tag-edgars-masalskis","9":"tag-hokejs","10":"tag-latvia","11":"tag-latvian","12":"tag-latviesu","13":"tag-latviesu-valoda","14":"tag-latviesuvaloda","15":"tag-latvija","16":"tag-latvijas-izlase","17":"tag-lv","18":"tag-olimpiskas-speles","19":"tag-rihards-bukarts","20":"tag-sports"},"share_on_mastodon":{"url":"https:\/\/pubeurope.com\/@lv\/115960204707340023","error":""},"_links":{"self":[{"href":"https:\/\/www.europesays.com\/lv\/wp-json\/wp\/v2\/posts\/113792","targetHints":{"allow":["GET"]}}],"collection":[{"href":"https:\/\/www.europesays.com\/lv\/wp-json\/wp\/v2\/posts"}],"about":[{"href":"https:\/\/www.europesays.com\/lv\/wp-json\/wp\/v2\/types\/post"}],"author":[{"embeddable":true,"href":"https:\/\/www.europesays.com\/lv\/wp-json\/wp\/v2\/users\/2"}],"replies":[{"embeddable":true,"href":"https:\/\/www.europesays.com\/lv\/wp-json\/wp\/v2\/comments?post=113792"}],"version-history":[{"count":0,"href":"https:\/\/www.europesays.com\/lv\/wp-json\/wp\/v2\/posts\/113792\/revisions"}],"wp:featuredmedia":[{"embeddable":true,"href":"https:\/\/www.europesays.com\/lv\/wp-json\/wp\/v2\/media\/113712"}],"wp:attachment":[{"href":"https:\/\/www.europesays.com\/lv\/wp-json\/wp\/v2\/media?parent=113792"}],"wp:term":[{"taxonomy":"category","embeddable":true,"href":"https:\/\/www.europesays.com\/lv\/wp-json\/wp\/v2\/categories?post=113792"},{"taxonomy":"post_tag","embeddable":true,"href":"https:\/\/www.europesays.com\/lv\/wp-json\/wp\/v2\/tags?post=113792"}],"curies":[{"name":"wp","href":"https:\/\/api.w.org\/{rel}","templated":true}]}}