{"id":113803,"date":"2026-01-26T07:38:09","date_gmt":"2026-01-26T07:38:09","guid":{"rendered":"https:\/\/www.europesays.com\/lv\/113803\/"},"modified":"2026-01-26T07:38:09","modified_gmt":"2026-01-26T07:38:09","slug":"krievijas-uztvere-par-latviju-arvien-vairak-lidzinas-tai-kada-ta-bija-par-ukrainu-pirms-kara-sakuma","status":"publish","type":"post","link":"https:\/\/www.europesays.com\/lv\/113803\/","title":{"rendered":"Krievijas uztvere par Latviju arvien vair\u0101k l\u012bdzin\u0101s tai, k\u0101da t\u0101 bija par Ukrainu pirms kara s\u0101kuma"},"content":{"rendered":"<p>&#8220;\u0160obr\u012bd ir skaidri redzams, ka dro\u0161\u012bba ir pats svar\u012bg\u0101kais. Ja j\u016btamies dro\u0161\u012bb\u0101, varam dz\u012bvot, pl\u0101not, realiz\u0113t ieceres un izbaud\u012bt sasniegto. Varam dar\u012bt ierast\u0101s lietas un b\u016bt gandar\u012bti par ikdienas mazajiem, bet svar\u012bgajiem prieka br\u012b\u017eiem. Nereti par labaj\u0101m liet\u0101m un v\u0113rt\u012bb\u0101m s\u0101kam dom\u0101t, kad skaudri izj\u016btam to tr\u016bkumu. T\u0101p\u0113c gadu mij\u0101, kad ierasti nosprau\u017eam m\u0113r\u0137us n\u0101kamajam laika nogrieznim, v\u0113los \u012bpa\u0161i uzsv\u0113rt &#8211; dom\u0101sim, lai m\u016bsu l\u0113mumi un izv\u0113les n\u0101k par labu Latvijas dro\u0161\u012bbai. To nevar sag\u0101d\u0101t tikai vald\u012bba vai dro\u0161\u012bbas iest\u0101des. T\u0101 ir m\u016bsu visu kop\u012bg\u0101 darba un ikdienas ieguld\u012bjuma rezult\u0101ts. B\u016bsim vienoti un ar katru savu izv\u0113li un r\u012bc\u012bbu darbosimies dro\u0161as un neatkar\u012bgas Latvijas lab\u0101,&#8221; mudina specdienesta vad\u012bt\u0101js.<\/p>\n<p>K\u0101 inform\u0113 SAB, biroja darb\u012bbas p\u0101rskats pied\u0101v\u0101 apskatu par pretizl\u016bko\u0161anas, kiberdro\u0161\u012bbas, izl\u016bko\u0161anas un klasific\u0113tas inform\u0101cijas aizsardz\u012bbas jaut\u0101jumiem 2025. gad\u0101. P\u0101rskat\u0101 iek\u013cauts v\u0113rt\u0113jums par iek\u0161politisk\u0101s un \u0101rpolitisk\u0101s att\u012bst\u012bbas tendenc\u0113m Krievij\u0101 un tre\u0161aj\u0101s valst\u012bs (\u0101rpus ES un NATO), \u0146emot v\u0113r\u0101 to specdienestu \u012bpa\u0161i akt\u012bvos centienus ietekm\u0113t ES un NATO valstis, tostarp Latviju.<\/p>\n<p>SAB gada p\u0101rskata klasific\u0113to da\u013cu izskat\u012bs Ministru kabinet\u0101 un Saeimas Nacion\u0101l\u0101s dro\u0161\u012bbas komisij\u0101. L\u012bdz ar to tiks apstiprin\u0101ti ar\u012b SAB darb\u012bbas virzieni 2026. gadam.<\/p>\n<p>SAB ir viena no trim Latvijas valsts dro\u0161\u012bbas iest\u0101d\u0113m, kas veic izl\u016bko\u0161anu un pretizl\u016bko\u0161anu, klasific\u0113t\u0101s inform\u0101cijas aizsardz\u012bbu, inform\u0101cijas un komunik\u0101ciju tehnolo\u0123iju kritisk\u0101s infrastrukt\u016bras uzraudz\u012bbu, k\u0101 ar\u012b veic un kontrol\u0113 klasific\u0113tas inform\u0101cijas apmai\u0146u ar starptautisk\u0101m organiz\u0101cij\u0101m.<\/p>\n","protected":false},"excerpt":{"rendered":"&#8220;\u0160obr\u012bd ir skaidri redzams, ka dro\u0161\u012bba ir pats svar\u012bg\u0101kais. Ja j\u016btamies dro\u0161\u012bb\u0101, varam dz\u012bvot, pl\u0101not, realiz\u0113t ieceres un&hellip;\n","protected":false},"author":2,"featured_media":113804,"comment_status":"","ping_status":"","sticky":false,"template":"","format":"standard","meta":{"footnotes":""},"categories":[12],"tags":[23,28,29,32,33,22,234,74,30,31,35,39,38,36,37,34,40,20,26,27,1063,24,25,276,21],"class_list":{"0":"post-113803","1":"post","2":"type-post","3":"status-publish","4":"format-standard","5":"has-post-thumbnail","7":"category-latvija","8":"tag-aktualitates","9":"tag-breaking-news","10":"tag-breakingnews","11":"tag-featured-news","12":"tag-featurednews","13":"tag-headlines","14":"tag-krievija","15":"tag-krievijas-iebrukums-ukraina","16":"tag-latest-news","17":"tag-latestnews","18":"tag-latvia","19":"tag-latvian","20":"tag-latviesu","21":"tag-latviesu-valoda","22":"tag-latviesuvaloda","23":"tag-latvija","24":"tag-lv","25":"tag-news","26":"tag-popularakas-zinas","27":"tag-popularakaszinas","28":"tag-sab","29":"tag-top-stories","30":"tag-topstories","31":"tag-ukraina","32":"tag-zinas"},"share_on_mastodon":{"url":"https:\/\/pubeurope.com\/@lv\/115960263693830776","error":""},"_links":{"self":[{"href":"https:\/\/www.europesays.com\/lv\/wp-json\/wp\/v2\/posts\/113803","targetHints":{"allow":["GET"]}}],"collection":[{"href":"https:\/\/www.europesays.com\/lv\/wp-json\/wp\/v2\/posts"}],"about":[{"href":"https:\/\/www.europesays.com\/lv\/wp-json\/wp\/v2\/types\/post"}],"author":[{"embeddable":true,"href":"https:\/\/www.europesays.com\/lv\/wp-json\/wp\/v2\/users\/2"}],"replies":[{"embeddable":true,"href":"https:\/\/www.europesays.com\/lv\/wp-json\/wp\/v2\/comments?post=113803"}],"version-history":[{"count":0,"href":"https:\/\/www.europesays.com\/lv\/wp-json\/wp\/v2\/posts\/113803\/revisions"}],"wp:featuredmedia":[{"embeddable":true,"href":"https:\/\/www.europesays.com\/lv\/wp-json\/wp\/v2\/media\/113804"}],"wp:attachment":[{"href":"https:\/\/www.europesays.com\/lv\/wp-json\/wp\/v2\/media?parent=113803"}],"wp:term":[{"taxonomy":"category","embeddable":true,"href":"https:\/\/www.europesays.com\/lv\/wp-json\/wp\/v2\/categories?post=113803"},{"taxonomy":"post_tag","embeddable":true,"href":"https:\/\/www.europesays.com\/lv\/wp-json\/wp\/v2\/tags?post=113803"}],"curies":[{"name":"wp","href":"https:\/\/api.w.org\/{rel}","templated":true}]}}