{"id":113828,"date":"2026-01-26T08:01:07","date_gmt":"2026-01-26T08:01:07","guid":{"rendered":"https:\/\/www.europesays.com\/lv\/113828\/"},"modified":"2026-01-26T08:01:07","modified_gmt":"2026-01-26T08:01:07","slug":"dokumenti-par-asv-drosibas-garantijam-ukrainai-ir-pilniba-sagatavoti-pazino-zelenskis","status":"publish","type":"post","link":"https:\/\/www.europesays.com\/lv\/113828\/","title":{"rendered":"Dokumenti par ASV dro\u0161\u012bbas garantij\u0101m Ukrainai ir piln\u012bb\u0101 sagatavoti, pazi\u0146o Zelenskis"},"content":{"rendered":"<p>Sarun\u0101 ar \u017eurn\u0101listiem viz\u012btes laik\u0101 Lietuv\u0101 Zelenskis nor\u0101d\u012bja, ka <a href=\"https:\/\/www.tvnet.lv\/term\/8497\/ukraina\" class=\"topicLink\" target=\"_blank\" rel=\"nofollow noopener\">Ukraina<\/a> gaida, kad partneri noteiks datumu vieno\u0161an\u0101s parakst\u012b\u0161anai. P\u0113c tam dokumentu b\u016bs j\u0101ratific\u0113 ASV Kongresam un Ukrainas parlamentam.<\/p>\n<p>Zelenskis ar\u012b uzsv\u0113ra Ukrainas centienus pievienoties Eiropas Savien\u012bbai (ES) l\u012bdz 2027. gadam, sakot, ka dal\u012bba ES ir Ukrainas &#8220;ekonomikas dro\u0161\u012bbas garantija&#8221;.<\/p>\n<p>K\u0101 zi\u0146ots, preses konferenc\u0113 Vi\u013c\u0146\u0101 Zelenskis ar\u012b izteic\u0101s, ka sarun\u0101s Ukrainas, Krievijas un ASV deleg\u0101cijas apspriedu\u0161as 20 punktu pl\u0101nu kara izbeig\u0161anai un ka p\u0113c sarun\u0101m Ab\u016b Dab\u012b problem\u0101tisku jaut\u0101jumu k\u013cuvis maz\u0101k, ta\u010du Ukraina nedom\u0101 atdot savas teritorijas.<\/p>\n","protected":false},"excerpt":{"rendered":"Sarun\u0101 ar \u017eurn\u0101listiem viz\u012btes laik\u0101 Lietuv\u0101 Zelenskis nor\u0101d\u012bja, ka Ukraina gaida, kad partneri noteiks datumu vieno\u0161an\u0101s parakst\u012b\u0161anai. P\u0113c&hellip;\n","protected":false},"author":2,"featured_media":113829,"comment_status":"","ping_status":"","sticky":false,"template":"","format":"standard","meta":{"footnotes":""},"categories":[14],"tags":[23,57,28,29,32,33,22,234,74,30,31,35,39,38,36,37,34,40,20,26,27,24,25,276,178,54,55,56,21,58],"class_list":{"0":"post-113828","1":"post","2":"type-post","3":"status-publish","4":"format-standard","5":"has-post-thumbnail","7":"category-zinas-no-arvalstim","8":"tag-aktualitates","9":"tag-arvalstim","10":"tag-breaking-news","11":"tag-breakingnews","12":"tag-featured-news","13":"tag-featurednews","14":"tag-headlines","15":"tag-krievija","16":"tag-krievijas-iebrukums-ukraina","17":"tag-latest-news","18":"tag-latestnews","19":"tag-latvia","20":"tag-latvian","21":"tag-latviesu","22":"tag-latviesu-valoda","23":"tag-latviesuvaloda","24":"tag-latvija","25":"tag-lv","26":"tag-news","27":"tag-popularakas-zinas","28":"tag-popularakaszinas","29":"tag-top-stories","30":"tag-topstories","31":"tag-ukraina","32":"tag-volodimirs-zelenskis","33":"tag-world","34":"tag-world-news","35":"tag-worldnews","36":"tag-zinas","37":"tag-zinas-no-arvalstim"},"share_on_mastodon":{"url":"https:\/\/pubeurope.com\/@lv\/115960354274243733","error":""},"_links":{"self":[{"href":"https:\/\/www.europesays.com\/lv\/wp-json\/wp\/v2\/posts\/113828","targetHints":{"allow":["GET"]}}],"collection":[{"href":"https:\/\/www.europesays.com\/lv\/wp-json\/wp\/v2\/posts"}],"about":[{"href":"https:\/\/www.europesays.com\/lv\/wp-json\/wp\/v2\/types\/post"}],"author":[{"embeddable":true,"href":"https:\/\/www.europesays.com\/lv\/wp-json\/wp\/v2\/users\/2"}],"replies":[{"embeddable":true,"href":"https:\/\/www.europesays.com\/lv\/wp-json\/wp\/v2\/comments?post=113828"}],"version-history":[{"count":0,"href":"https:\/\/www.europesays.com\/lv\/wp-json\/wp\/v2\/posts\/113828\/revisions"}],"wp:featuredmedia":[{"embeddable":true,"href":"https:\/\/www.europesays.com\/lv\/wp-json\/wp\/v2\/media\/113829"}],"wp:attachment":[{"href":"https:\/\/www.europesays.com\/lv\/wp-json\/wp\/v2\/media?parent=113828"}],"wp:term":[{"taxonomy":"category","embeddable":true,"href":"https:\/\/www.europesays.com\/lv\/wp-json\/wp\/v2\/categories?post=113828"},{"taxonomy":"post_tag","embeddable":true,"href":"https:\/\/www.europesays.com\/lv\/wp-json\/wp\/v2\/tags?post=113828"}],"curies":[{"name":"wp","href":"https:\/\/api.w.org\/{rel}","templated":true}]}}