{"id":113848,"date":"2026-01-26T08:20:05","date_gmt":"2026-01-26T08:20:05","guid":{"rendered":"https:\/\/www.europesays.com\/lv\/113848\/"},"modified":"2026-01-26T08:20:05","modified_gmt":"2026-01-26T08:20:05","slug":"sinoptiki-sagatavojusi-laika-prognozi-jaunajai-darba-nedelai-2","status":"publish","type":"post","link":"https:\/\/www.europesays.com\/lv\/113848\/","title":{"rendered":"Sinopti\u0137i sagatavoju\u0161i laika prognozi jaunajai darba ned\u0113\u013cai"},"content":{"rendered":"<p>Sagaid\u0101ms, ka visvair\u0101k snigs Latgales dienvidos un Zemgal\u0113 pie Lietuvas robe\u017eas. Savuk\u0101rt vismaz\u0101k nokri\u0161\u0146u \u0161oned\u0113\u013c b\u016bs Kurzemes un Vidzemes zieme\u013cos. Pirmdien un otrdien viet\u0101m iesp\u0113jams ar\u012b sasalsto\u0161s lietus jeb atkala. Da\u017eviet gaid\u0101ms neliels putenis.<\/p>\n<p>P\u016bt\u012bs l\u0113ns l\u012bdz m\u0113reni stiprs austrumu, zieme\u013caustrumu v\u0113j\u0161, R\u012bgas l\u012b\u010da Kurzemes piekrast\u0113 t\u0101 \u0101trums br\u0101zm\u0101s br\u012b\u017eiem sasniegs 14-16 metrus sekund\u0113.<\/p>\n<p>Gaisa temperat\u016bra ned\u0113\u013cas pirmaj\u0101 pus\u0113 b\u016bs -3..-12 gr\u0101di, Zieme\u013cvidzem\u0113 l\u012bdz -16 gr\u0101diem. Ned\u0113\u013cas otraj\u0101 pus\u0113 laiks k\u013c\u016bs aukst\u0101ks. S\u0101kot ar 30. janv\u0101ri, gaisa temperat\u016bra viet\u0101m var pazemin\u0101ties l\u012bdz -20..-25 gr\u0101diem, liel\u0101kais sals gaid\u0101ms austrumu novados.<\/p>\n<p>Atbilsto\u0161i Eiropas Vid\u0113ja termi\u0146a laika progno\u017eu centra datiem \u0161\u012b ned\u0113\u013ca Latvij\u0101 gaid\u0101ma 6-8 gr\u0101dus aukst\u0101ka par normu. Ar\u012b febru\u0101ra vid\u0113j\u0101 gaisa temperat\u016bra prognoz\u0113ta vair\u0101kus gr\u0101dus zem\u0101ka nek\u0101 ierasts.<\/p>\n<p>\u0160\u0101 gada janv\u0101ris Latvij\u0101, visticam\u0101k, k\u013c\u016bs par aukst\u0101ko m\u0113nesi kop\u0161 2012. gada febru\u0101ra un aukst\u0101ko janv\u0101ri kop\u0161 2010. gada.<\/p>\n","protected":false},"excerpt":{"rendered":"Sagaid\u0101ms, ka visvair\u0101k snigs Latgales dienvidos un Zemgal\u0113 pie Lietuvas robe\u017eas. Savuk\u0101rt vismaz\u0101k nokri\u0161\u0146u \u0161oned\u0113\u013c b\u016bs Kurzemes un&hellip;\n","protected":false},"author":2,"featured_media":113849,"comment_status":"","ping_status":"","sticky":false,"template":"","format":"standard","meta":{"footnotes":""},"categories":[12],"tags":[5869,23,28,29,32,33,22,396,397,30,31,35,39,38,36,37,34,40,20,26,27,24,25,21],"class_list":{"0":"post-113848","1":"post","2":"type-post","3":"status-publish","4":"format-standard","5":"has-post-thumbnail","7":"category-latvija","8":"tag-ziema","9":"tag-aktualitates","10":"tag-breaking-news","11":"tag-breakingnews","12":"tag-featured-news","13":"tag-featurednews","14":"tag-headlines","15":"tag-laika-zinas","16":"tag-laikapstakli","17":"tag-latest-news","18":"tag-latestnews","19":"tag-latvia","20":"tag-latvian","21":"tag-latviesu","22":"tag-latviesu-valoda","23":"tag-latviesuvaloda","24":"tag-latvija","25":"tag-lv","26":"tag-news","27":"tag-popularakas-zinas","28":"tag-popularakaszinas","29":"tag-top-stories","30":"tag-topstories","31":"tag-zinas"},"share_on_mastodon":{"url":"https:\/\/pubeurope.com\/@lv\/115960428859262651","error":""},"_links":{"self":[{"href":"https:\/\/www.europesays.com\/lv\/wp-json\/wp\/v2\/posts\/113848","targetHints":{"allow":["GET"]}}],"collection":[{"href":"https:\/\/www.europesays.com\/lv\/wp-json\/wp\/v2\/posts"}],"about":[{"href":"https:\/\/www.europesays.com\/lv\/wp-json\/wp\/v2\/types\/post"}],"author":[{"embeddable":true,"href":"https:\/\/www.europesays.com\/lv\/wp-json\/wp\/v2\/users\/2"}],"replies":[{"embeddable":true,"href":"https:\/\/www.europesays.com\/lv\/wp-json\/wp\/v2\/comments?post=113848"}],"version-history":[{"count":0,"href":"https:\/\/www.europesays.com\/lv\/wp-json\/wp\/v2\/posts\/113848\/revisions"}],"wp:featuredmedia":[{"embeddable":true,"href":"https:\/\/www.europesays.com\/lv\/wp-json\/wp\/v2\/media\/113849"}],"wp:attachment":[{"href":"https:\/\/www.europesays.com\/lv\/wp-json\/wp\/v2\/media?parent=113848"}],"wp:term":[{"taxonomy":"category","embeddable":true,"href":"https:\/\/www.europesays.com\/lv\/wp-json\/wp\/v2\/categories?post=113848"},{"taxonomy":"post_tag","embeddable":true,"href":"https:\/\/www.europesays.com\/lv\/wp-json\/wp\/v2\/tags?post=113848"}],"curies":[{"name":"wp","href":"https:\/\/api.w.org\/{rel}","templated":true}]}}