{"id":11385,"date":"2025-10-03T11:22:08","date_gmt":"2025-10-03T11:22:08","guid":{"rendered":"https:\/\/www.europesays.com\/lv\/11385\/"},"modified":"2025-10-03T11:22:08","modified_gmt":"2025-10-03T11:22:08","slug":"alonso-uzrada-atrako-laiku-pirmaja-f1-trenina-singapura-motoru-sports-sportacentrs-com","status":"publish","type":"post","link":"https:\/\/www.europesays.com\/lv\/11385\/","title":{"rendered":"Alonso uzr\u0101da \u0101tr\u0101ko laiku pirmaj\u0101 F1 treni\u0146\u0101 Singap\u016br\u0101 \u2013 Motoru sports \u2013 Sportacentrs.com"},"content":{"rendered":"<p>&#8220;Williams&#8221; pilotam n\u0101c\u0101s apst\u0101ties p\u0113c tam, kad vi\u0146a ma\u0161\u012bnai rad\u0101s aizmugur\u0113jo brem\u017eu aizdeg\u0161an\u0101s probl\u0113ma. Atgrie\u017eoties boksos, no ma\u0161\u012bnas aizmugures pac\u0113l\u0101s d\u016bmi, kas turpin\u0101ja piepild\u012bt gar\u0101\u017eu.<\/p>\n<blockquote class=\"twitter-tweet\">\n<p lang=\"en\" dir=\"ltr\">The rear brakes on Alex Albon&#8217;s Williams get too hot in FP1 \ud83d\ude32<a href=\"https:\/\/twitter.com\/hashtag\/F1?src=hash&amp;ref_src=twsrc%5Etfw\" rel=\"nofollow noopener\" target=\"_blank\">#F1<\/a> <a href=\"https:\/\/twitter.com\/hashtag\/SingaporeGP?src=hash&amp;ref_src=twsrc%5Etfw\" rel=\"nofollow noopener\" target=\"_blank\">#SingaporeGP<\/a> <a href=\"https:\/\/t.co\/1DjyUgiAm4\" rel=\"nofollow\">pic.twitter.com\/1DjyUgiAm4<\/a><\/p>\n<p>\u2014 Formula 1 (@F1) <a href=\"https:\/\/twitter.com\/F1\/status\/1974047807360114719?ref_src=twsrc%5Etfw\" rel=\"nofollow noopener\" target=\"_blank\">October 3, 2025<\/a><\/p><\/blockquote>\n<p>Tikm\u0113r treni\u0146a turpin\u0101jum\u0101 Alonso ar &#8220;Aston Martin&#8221; sasniedza apli 1:31.116, kas izr\u0101d\u012bj\u0101s vis\u0101tr\u0101kais un pirmo reizi vair\u0101k nek\u0101 divu gadu laik\u0101 nosl\u0113gt treni\u0146sesiju pirmaj\u0101 viet\u0101. Iepriek\u0161 tas notika 2024. gad\u0101 Kan\u0101d\u0101. Otraj\u0101 viet\u0101 palika \u0160arls Lekl\u0113rs ar &#8220;Ferrari&#8221;, atpaliekot 0.150 sekundes. Tre\u0161ais bija Makss Verstapens ar &#8220;Red Bull&#8221;, zaud\u0113jot 0.276 sekundes.<\/p>\n<p>Singap\u016bras posms ir 18. \u0161aj\u0101 sezon\u0101 un notiek Marinabejas ielu tras\u0113. Tie\u0161i te 2008. gad\u0101 pirmo reizi F1 v\u0113stur\u0113 tika aizvad\u012btas nakts sacens\u012bbas.<\/p>\n<p>\u0160obr\u012bd \u010dempion\u0101ta vad\u012bb\u0101 ar 25 punktu p\u0101rsvaru p\u0101r komandas biedru Lando Norisu atrodas &#8220;McLaren&#8221; pilots Oskars Piastri. Verstapens, kur\u0161 izc\u012bn\u012bja uzvaras iepriek\u0161\u0113jos posmos It\u0101lij\u0101 un Azerbaid\u017e\u0101n\u0101, turpina paka\u013cdz\u012b\u0161anos, lai atgrieztos titula c\u012b\u0146\u0101, ta\u010du Singap\u016bra paliek vien\u012bg\u0101 trase kalend\u0101r\u0101, kur vi\u0146\u0161 sav\u0101 karjer\u0101 v\u0113l nav uzvar\u0113jis.<\/p>\n<p>Singap\u016bras GP pirmais treni\u0146\u0161:<img decoding=\"async\" src=\"https:\/\/www.europesays.com\/lv\/wp-content\/uploads\/2025\/10\/G2VGFRuWsAAYBiO.jpeg\" class=\"img-fluid\"\/><\/p>\n<p>Izmantotie resursi:<br \/><a target=\"_blank\" href=\"http:\/\/www.f1.lv\" rel=\"nofollow noopener\">S\u0101kumlapa : F1LV Blogs<\/a><\/p>\n<p>                    <script async src=\"https:\/\/platform.twitter.com\/widgets.js\" charset=\"utf-8\"><\/script><\/p>\n","protected":false},"excerpt":{"rendered":"&#8220;Williams&#8221; pilotam n\u0101c\u0101s apst\u0101ties p\u0113c tam, kad vi\u0146a ma\u0161\u012bnai rad\u0101s aizmugur\u0113jo brem\u017eu aizdeg\u0161an\u0101s probl\u0113ma. Atgrie\u017eoties boksos, no ma\u0161\u012bnas&hellip;\n","protected":false},"author":2,"featured_media":11386,"comment_status":"","ping_status":"","sticky":false,"template":"","format":"standard","meta":{"footnotes":""},"categories":[17],"tags":[35,39,38,36,37,34,40,165,67],"class_list":{"0":"post-11385","1":"post","2":"type-post","3":"status-publish","4":"format-standard","5":"has-post-thumbnail","7":"category-sports","8":"tag-latvia","9":"tag-latvian","10":"tag-latviesu","11":"tag-latviesu-valoda","12":"tag-latviesuvaloda","13":"tag-latvija","14":"tag-lv","15":"tag-motoru-sports","16":"tag-sports"},"share_on_mastodon":{"url":"","error":""},"_links":{"self":[{"href":"https:\/\/www.europesays.com\/lv\/wp-json\/wp\/v2\/posts\/11385","targetHints":{"allow":["GET"]}}],"collection":[{"href":"https:\/\/www.europesays.com\/lv\/wp-json\/wp\/v2\/posts"}],"about":[{"href":"https:\/\/www.europesays.com\/lv\/wp-json\/wp\/v2\/types\/post"}],"author":[{"embeddable":true,"href":"https:\/\/www.europesays.com\/lv\/wp-json\/wp\/v2\/users\/2"}],"replies":[{"embeddable":true,"href":"https:\/\/www.europesays.com\/lv\/wp-json\/wp\/v2\/comments?post=11385"}],"version-history":[{"count":0,"href":"https:\/\/www.europesays.com\/lv\/wp-json\/wp\/v2\/posts\/11385\/revisions"}],"wp:featuredmedia":[{"embeddable":true,"href":"https:\/\/www.europesays.com\/lv\/wp-json\/wp\/v2\/media\/11386"}],"wp:attachment":[{"href":"https:\/\/www.europesays.com\/lv\/wp-json\/wp\/v2\/media?parent=11385"}],"wp:term":[{"taxonomy":"category","embeddable":true,"href":"https:\/\/www.europesays.com\/lv\/wp-json\/wp\/v2\/categories?post=11385"},{"taxonomy":"post_tag","embeddable":true,"href":"https:\/\/www.europesays.com\/lv\/wp-json\/wp\/v2\/tags?post=11385"}],"curies":[{"name":"wp","href":"https:\/\/api.w.org\/{rel}","templated":true}]}}