{"id":11393,"date":"2025-10-03T11:32:07","date_gmt":"2025-10-03T11:32:07","guid":{"rendered":"https:\/\/www.europesays.com\/lv\/11393\/"},"modified":"2025-10-03T11:32:07","modified_gmt":"2025-10-03T11:32:07","slug":"ride-mobility-turpina-sniegt-pakalpojumus-versies-ptac-par-lemuma-nepamatotibu","status":"publish","type":"post","link":"https:\/\/www.europesays.com\/lv\/11393\/","title":{"rendered":"&#8220;Ride Mobility&#8221; turpina sniegt pakalpojumus; v\u0113rsies PTAC par l\u0113muma nepamatot\u012bbu"},"content":{"rendered":"<p>PTAC uzdeva uz\u0146\u0113mumam l\u012bdz piektdienas plkst.12 iesniegt pier\u0101d\u012bjumus, kas apliecina pakalpojuma snieg\u0161anas patrauk\u0161anu.<\/p>\n<p>Centra direktore Zaiga Liepi\u0146a uzsv\u0113ra, ka pakalpojums ir nekav\u0113joties j\u0101aptur, lai nov\u0113rstu nepilngad\u012bgo piek\u013cuvi un l\u012bdz\u012bgu gad\u012bjumu atk\u0101rto\u0161anos.<\/p>\n<p>PTAC aicin\u0101jusi visus pat\u0113r\u0113t\u0101jus, \u012bpa\u0161i jaunie\u0161us un vi\u0146u vec\u0101kus, atbild\u012bgi lietot koplieto\u0161anas transporta l\u012bdzek\u013cus, iev\u0113rojot pakalpojuma sniedz\u0113ju noteikumus un likumus. T\u0101pat PTAC atg\u0101din\u0101ja, ka elektrisko sk\u016bteru un citu mikromobilit\u0101tes r\u012bku izmanto\u0161ana bez atbilsto\u0161as sagatavot\u012bbas un vecuma p\u0101rbaudes var rad\u012bt nopietnus riskus gan pa\u0161am lietot\u0101jam, gan apk\u0101rt\u0113jiem.<\/p>\n<p>PTAC ar\u012b aicin\u0101ja p\u0101r\u0113jos pakalpojuma sniedz\u0113jus p\u0101rliecin\u0101ties par efekt\u012bvu vecuma p\u0101rbaudes meh\u0101nismu darb\u012bbu, lai nepie\u013cautu nepilngad\u012bgo piek\u013cuvi \u0161iem transportl\u012bdzek\u013ciem.<\/p>\n<p>LETA jau zi\u0146oja, ka R\u012bg\u0101, pie Imantas dzelzce\u013ca stacijas, pak\u013c\u016bstot zem vilciena, tre\u0161dien, 1.oktobr\u012b, g\u0101ja boj\u0101 divas meitenes. Meitenes zaud\u0113ju\u0161as dz\u012bv\u012bbu p\u0113c tam, kad vi\u0146u vad\u012bto nomas elektrosk\u016bteri aiz\u0137\u0113ra vilciens.<\/p>\n<p>Kleinbergs v\u0113rs\u0101s PTAC ar l\u016bgumu izv\u0113rt\u0113t iesp\u0113ju iz\u0146emt &#8220;Ride Mobility&#8221; braucamr\u012bkus no aprites.<\/p>\n<p>K\u0101 preses konferenc\u0113 teica Kleinbergs, ja \u0161ie braucamie tiktu klasific\u0113ti k\u0101 mop\u0113di, b\u0113rni tos izmantot nedr\u012bkst\u0113tu un to lietot\u0101jiem b\u016btu nepiecie\u0161ams ieg\u016bt vad\u012bt\u0101ja apliec\u012bbu. L\u012bdz ar to, ja &#8220;Ride Mobility&#8221; l\u012bdz \u0161im neb\u016btu tik agres\u012bvi iest\u0101jies par to, ka vi\u0146u nom\u0101 pieejamie braucamr\u012bki ir nevis mop\u0113di, bet pa\u0161g\u0101j\u0113jvelosip\u0113di, \u0161\u012b tra\u0123\u0113dija neb\u016btu notikusi.<\/p>\n<p>Kleinbergs aicin\u0101ja uz\u0146\u0113m\u0113jus, &#8211; ja vi\u0146i v\u0113las pasarg\u0101t b\u0113rnu dz\u012bv\u012bbas, aizv\u0101kt \u0161os braucamos no iel\u0101m. M\u0113rs ar\u012b uzdevis \u0100rtelpas un mobilit\u0101tes departamentam apsekot visas g\u0101j\u0113ju p\u0101rejas p\u0101ri dzelzce\u013cam un rast risin\u0101jumus, lai uzlabotu dro\u0161\u012bbu, piem\u0113ram, ier\u012bkojot barjeras, kas ne\u013cauj viegli \u0161\u0137\u0113rsot sliedes.<\/p>\n","protected":false},"excerpt":{"rendered":"PTAC uzdeva uz\u0146\u0113mumam l\u012bdz piektdienas plkst.12 iesniegt pier\u0101d\u012bjumus, kas apliecina pakalpojuma snieg\u0161anas patrauk\u0161anu. Centra direktore Zaiga Liepi\u0146a uzsv\u0113ra,&hellip;\n","protected":false},"author":2,"featured_media":11394,"comment_status":"","ping_status":"","sticky":false,"template":"","format":"standard","meta":{"footnotes":""},"categories":[5],"tags":[23,28,29,32,33,22,4037,30,31,35,39,38,36,37,34,40,20,26,27,4189,24,25,21],"class_list":{"0":"post-11393","1":"post","2":"type-post","3":"status-publish","4":"format-standard","5":"has-post-thumbnail","7":"category-aktualitates","8":"tag-aktualitates","9":"tag-breaking-news","10":"tag-breakingnews","11":"tag-featured-news","12":"tag-featurednews","13":"tag-headlines","14":"tag-imanta","15":"tag-latest-news","16":"tag-latestnews","17":"tag-latvia","18":"tag-latvian","19":"tag-latviesu","20":"tag-latviesu-valoda","21":"tag-latviesuvaloda","22":"tag-latvija","23":"tag-lv","24":"tag-news","25":"tag-popularakas-zinas","26":"tag-popularakaszinas","27":"tag-ride","28":"tag-top-stories","29":"tag-topstories","30":"tag-zinas"},"share_on_mastodon":{"url":"","error":""},"_links":{"self":[{"href":"https:\/\/www.europesays.com\/lv\/wp-json\/wp\/v2\/posts\/11393","targetHints":{"allow":["GET"]}}],"collection":[{"href":"https:\/\/www.europesays.com\/lv\/wp-json\/wp\/v2\/posts"}],"about":[{"href":"https:\/\/www.europesays.com\/lv\/wp-json\/wp\/v2\/types\/post"}],"author":[{"embeddable":true,"href":"https:\/\/www.europesays.com\/lv\/wp-json\/wp\/v2\/users\/2"}],"replies":[{"embeddable":true,"href":"https:\/\/www.europesays.com\/lv\/wp-json\/wp\/v2\/comments?post=11393"}],"version-history":[{"count":0,"href":"https:\/\/www.europesays.com\/lv\/wp-json\/wp\/v2\/posts\/11393\/revisions"}],"wp:featuredmedia":[{"embeddable":true,"href":"https:\/\/www.europesays.com\/lv\/wp-json\/wp\/v2\/media\/11394"}],"wp:attachment":[{"href":"https:\/\/www.europesays.com\/lv\/wp-json\/wp\/v2\/media?parent=11393"}],"wp:term":[{"taxonomy":"category","embeddable":true,"href":"https:\/\/www.europesays.com\/lv\/wp-json\/wp\/v2\/categories?post=11393"},{"taxonomy":"post_tag","embeddable":true,"href":"https:\/\/www.europesays.com\/lv\/wp-json\/wp\/v2\/tags?post=11393"}],"curies":[{"name":"wp","href":"https:\/\/api.w.org\/{rel}","templated":true}]}}