{"id":113940,"date":"2026-01-26T09:55:07","date_gmt":"2026-01-26T09:55:07","guid":{"rendered":"https:\/\/www.europesays.com\/lv\/113940\/"},"modified":"2026-01-26T09:55:07","modified_gmt":"2026-01-26T09:55:07","slug":"grenlandes-jautajums-novers-uzmanibu-no-ukrainas-lente-lv","status":"publish","type":"post","link":"https:\/\/www.europesays.com\/lv\/113940\/","title":{"rendered":"Grenlandes jaut\u0101jums nov\u0113r\u0161 uzman\u012bbu no Ukrainas\u00a0\u2014\u00a0Lente.lv"},"content":{"rendered":"<p>Galven\u0101 priorit\u0101te ir Ukraina, nevis Grenlande<\/p>\n<p>NATO \u0123ener\u0101lsekret\u0101rs Jenss Stoltenbergs paudis ba\u017eas, ka pa\u0161reiz\u0113j\u0101s diskusijas un spriedze par ASV prezidenta Donalda Trampa v\u0113lmi anekt\u0113t Grenlandi var\u0113tu nov\u0113rst uzman\u012bbu no daudz svar\u012bg\u0101ka jaut\u0101juma \u2013 Krievijas agresijas Ukrain\u0101. K\u0101 zi\u0146o telekan\u0101ls TV3, Stoltenbergs uzsv\u0113ris, ka aliansei j\u0101turpina piln\u012bb\u0101 koncentr\u0113ties uz atbalsta snieg\u0161anu Ukrainai, ne\u013caujot citiem str\u012bdiem aiz\u0113not \u0161o galveno priorit\u0101ti.<\/p>\n<p>Stoltenbergs paudis \u0161o viedokli Davos\u0101 notieko\u0161\u0101 Pasaules ekonomikas forum\u0101, kur galven\u0101s t\u0113mas biju\u0161as gan Ukrainas dro\u0161\u012bba, gan ar\u012b ASV un Eiropas attiec\u012bbas, \u012bpa\u0161i saist\u012bb\u0101 ar Trampa draudiem Grenlandes jaut\u0101jum\u0101. Vi\u0146\u0161 nor\u0101d\u012bjis, ka, lai gan Grenlandes situ\u0101cija ir j\u0101risina mier\u012bg\u0101 ce\u013c\u0101, t\u0101 nedr\u012bkst k\u013c\u016bt par galveno fokusu.<\/p>\n<p>Trampa piepras\u012bjums par Grenlandi rada spriedzi<\/p>\n<p>ASV prezidents Donalds Tramps ir izteicis v\u0113lmi ieg\u0101d\u0101ties Grenlandi, kas izrais\u012bjis spriedzi attiec\u012bb\u0101s ar D\u0101niju un cit\u0101m Eiropas valst\u012bm. \u0160is jaut\u0101jums ir rad\u012bjis iev\u0113rojamu diplom\u0101tisko ros\u012bbu un pat draudus ar tirdzniec\u012bbas ierobe\u017eojumiem no ASV puses pret asto\u0146\u0101m Eiropas valst\u012bm, kas iebilst pret \u0161o ideju. \u0160\u0101das darb\u012bbas ir rad\u012bju\u0161as ba\u017eas par transatlantisk\u0101s sadarb\u012bbas stabilit\u0101ti.<\/p>\n<p>NATO \u0123ener\u0101lsekret\u0101rs ir paudis no\u017e\u0113lu par publiskajiem str\u012bdiem, kas var\u0113tu kav\u0113t diplom\u0101tiskos centienus un str\u0101d\u0101t pie situ\u0101cijas risin\u0101juma aizkulis\u0113s, lai mazin\u0101tu domstarp\u012bbas starp Eiropas Savien\u012bbu un ASV. Vi\u0146\u0161 uzsver, ka Eiropas un ASV dro\u0161\u012bba ir cie\u0161i saist\u012bta ar nep\u0101rtrauktu milit\u0101ro, finansi\u0101lo un politisko atbalstu Ukrainai.<\/p>\n<p>Ukrainas atbalsts k\u0101 dro\u0161\u012bbas garants<\/p>\n<p>Stoltenbergs uzsv\u0113ris, ka pa\u0161reiz\u0113j\u0101 \u0123eopolitisk\u0101 situ\u0101cija, kur Krievija turpina uzbrukumus Ukrainai, prasa past\u0101v\u012bgu alianses uzman\u012bbu un resursus. Vi\u0146\u0161 nor\u0101d\u012bjis, ka Krievijas ra\u0137e\u0161u un dronu uzbrukumi Ukrainas ener\u0123\u0113tikas infrastrukt\u016brai turpin\u0101s, un \u0161aj\u0101 kritiskaj\u0101 br\u012bd\u012b nav pie\u013caujama uzman\u012bbas novirz\u012b\u0161an\u0101s uz maz\u0101k svar\u012bgiem jaut\u0101jumiem.<\/p>\n<p>NATO ir stingri ap\u0146\u0113mies nodro\u0161in\u0101t Ukrainas aizst\u0101v\u012bbas sp\u0113jas un stiprin\u0101t dro\u0161\u012bbu Eirop\u0101. Tas ietver gan milit\u0101r\u0101s, gan finansi\u0101l\u0101s pal\u012bdz\u012bbas snieg\u0161anu, lai nodro\u0161in\u0101tu Ukrainas sp\u0113ju sevi aizst\u0101v\u0113t un pan\u0101kt taisn\u012bgu mieru. \u0160obr\u012bd svar\u012bg\u0101kais ir saglab\u0101t vienot\u012bbu un fokus\u0113ties uz to, lai nodro\u0161in\u0101tu, ka Ukraina sa\u0146em nepiecie\u0161amo atbalstu.<\/p>\n<p>Arktikas dro\u0161\u012bba un cie\u0161\u0101ka sadarb\u012bba<\/p>\n<p>Run\u0101jot par Arktikas re\u0123iona dro\u0161\u012bbu, kas k\u013c\u016bst arvien svar\u012bg\u0101ka pieaugo\u0161\u0101s Krievijas un \u0136\u012bnas ietekmes d\u0113\u013c, Stoltenbergs nor\u0101d\u012bjis uz nepiecie\u0161am\u012bbu stiprin\u0101t alianses kl\u0101tb\u016btni un sadarb\u012bbu \u0161aj\u0101 strat\u0113\u0123iski noz\u012bm\u012bgaj\u0101 re\u0123ion\u0101. Lai gan Grenlandes jaut\u0101jums ir diplom\u0101tisks izaicin\u0101jums, tas nedr\u012bkst aiz\u0113not nepiecie\u0161am\u012bbu stiprin\u0101t kop\u012bgo aizsardz\u012bbu pret \u0101r\u0113jiem draudiem.<\/p>\n<p>NATO dal\u012bbvalstis turpina palielin\u0101t aizsardz\u012bbas izdevumus, vairums jau p\u0101rsniedzot 2% no IKP. Lietuva un citas Baltijas valstis ir ap\u0146\u0113mu\u0161\u0101s sasniegt pat 5% no IKP, kas liecina par pieaugo\u0161o izpratni par dro\u0161\u012bbas izaicin\u0101jumiem un nepiecie\u0161am\u012bbu stiprin\u0101t kolekt\u012bvo aizsardz\u012bbu gan Eirop\u0101, gan transatlantiskaj\u0101 telp\u0101.<\/p>\n","protected":false},"excerpt":{"rendered":"Galven\u0101 priorit\u0101te ir Ukraina, nevis Grenlande NATO \u0123ener\u0101lsekret\u0101rs Jenss Stoltenbergs paudis ba\u017eas, ka pa\u0161reiz\u0113j\u0101s diskusijas un spriedze par&hellip;\n","protected":false},"author":2,"featured_media":113941,"comment_status":"","ping_status":"","sticky":false,"template":"","format":"standard","meta":{"footnotes":""},"categories":[14],"tags":[23,57,28,29,542,334,32,33,20878,22,30,31,35,39,38,36,37,34,40,71,20,26,27,24,25,276,54,55,56,21,58],"class_list":{"0":"post-113940","1":"post","2":"type-post","3":"status-publish","4":"format-standard","5":"has-post-thumbnail","7":"category-zinas-no-arvalstim","8":"tag-aktualitates","9":"tag-arvalstim","10":"tag-breaking-news","11":"tag-breakingnews","12":"tag-donalds-tramps","13":"tag-drosiba","14":"tag-featured-news","15":"tag-featurednews","16":"tag-grenlande","17":"tag-headlines","18":"tag-latest-news","19":"tag-latestnews","20":"tag-latvia","21":"tag-latvian","22":"tag-latviesu","23":"tag-latviesu-valoda","24":"tag-latviesuvaloda","25":"tag-latvija","26":"tag-lv","27":"tag-nato","28":"tag-news","29":"tag-popularakas-zinas","30":"tag-popularakaszinas","31":"tag-top-stories","32":"tag-topstories","33":"tag-ukraina","34":"tag-world","35":"tag-world-news","36":"tag-worldnews","37":"tag-zinas","38":"tag-zinas-no-arvalstim"},"share_on_mastodon":{"url":"https:\/\/pubeurope.com\/@lv\/115960802453230376","error":""},"_links":{"self":[{"href":"https:\/\/www.europesays.com\/lv\/wp-json\/wp\/v2\/posts\/113940","targetHints":{"allow":["GET"]}}],"collection":[{"href":"https:\/\/www.europesays.com\/lv\/wp-json\/wp\/v2\/posts"}],"about":[{"href":"https:\/\/www.europesays.com\/lv\/wp-json\/wp\/v2\/types\/post"}],"author":[{"embeddable":true,"href":"https:\/\/www.europesays.com\/lv\/wp-json\/wp\/v2\/users\/2"}],"replies":[{"embeddable":true,"href":"https:\/\/www.europesays.com\/lv\/wp-json\/wp\/v2\/comments?post=113940"}],"version-history":[{"count":0,"href":"https:\/\/www.europesays.com\/lv\/wp-json\/wp\/v2\/posts\/113940\/revisions"}],"wp:featuredmedia":[{"embeddable":true,"href":"https:\/\/www.europesays.com\/lv\/wp-json\/wp\/v2\/media\/113941"}],"wp:attachment":[{"href":"https:\/\/www.europesays.com\/lv\/wp-json\/wp\/v2\/media?parent=113940"}],"wp:term":[{"taxonomy":"category","embeddable":true,"href":"https:\/\/www.europesays.com\/lv\/wp-json\/wp\/v2\/categories?post=113940"},{"taxonomy":"post_tag","embeddable":true,"href":"https:\/\/www.europesays.com\/lv\/wp-json\/wp\/v2\/tags?post=113940"}],"curies":[{"name":"wp","href":"https:\/\/api.w.org\/{rel}","templated":true}]}}