{"id":113958,"date":"2026-01-26T10:08:08","date_gmt":"2026-01-26T10:08:08","guid":{"rendered":"https:\/\/www.europesays.com\/lv\/113958\/"},"modified":"2026-01-26T10:08:08","modified_gmt":"2026-01-26T10:08:08","slug":"izm-sagatavojusi-grozijumus-par-jaunu-akademiskas-karjeras-sistemu-augstakaja-izglitiba","status":"publish","type":"post","link":"https:\/\/www.europesays.com\/lv\/113958\/","title":{"rendered":"IZM sagatavojusi groz\u012bjumus par jaunu akad\u0113misk\u0101s karjeras sist\u0113mu augst\u0101kaj\u0101 izgl\u012bt\u012bb\u0101"},"content":{"rendered":"<p>Groz\u012bjumi paredz ieviest skaidru un vienotu akad\u0113misk\u0101s karjeras sist\u0113mu augst\u0101kaj\u0101 izgl\u012bt\u012bb\u0101, tostarp izgl\u012bt\u012bbas iest\u0101d\u0113s, kur\u0101s \u012bsteno \u012bs\u0101 cikla profesion\u0101l\u0101s augst\u0101k\u0101s izgl\u012bt\u012bbas programmas, piem\u0113ram, koled\u017e\u0101s.<\/p>\n<p>Pl\u0101not\u0101s izmai\u0146as augstskol\u0101s paredz skaidri noteikt akad\u0113misk\u0101s karjeras posmus, ieviest starptautiski atz\u012btu ten\u016bras sist\u0113mu un vienotus akad\u0113misk\u0101 person\u0101la atlases, nodarbin\u0101\u0161anas un darba snieguma v\u0113rt\u0113\u0161anas principus. T\u0101pat tiks pilnveidota akad\u0113misk\u0101 person\u0101la atlase, darba snieguma v\u0113rt\u0113\u0161ana un iesp\u0113jas akad\u0113miskaj\u0101 darb\u0101 iesaist\u012bt ar\u012b pieredz\u0113ju\u0161us nozares prakti\u0137us.<\/p>\n<p>Vienlaikus groz\u012bjumi Profesion\u0101l\u0101s izgl\u012bt\u012bbas likum\u0101 paredz saska\u0146ot akad\u0113misk\u0101 person\u0101la regul\u0113jumu koled\u017e\u0101s ar Augstskolu likumu. Turpm\u0101k pras\u012bbas m\u0101c\u012bbsp\u0113kiem, vi\u0146u atlase un darba izv\u0113rt\u0113\u0161ana \u012bs\u0101 cikla profesion\u0101laj\u0101s augst\u0101k\u0101s izgl\u012bt\u012bbas programm\u0101s notiks p\u0113c tiem pa\u0161iem principiem k\u0101 augstskol\u0101s.<\/p>\n<p>Izmai\u0146as tiks ieviestas pak\u0101peniski. Jaun\u0101 akad\u0113misk\u0101s karjeras sist\u0113ma augst\u0101kaj\u0101 izgl\u012bt\u012bb\u0101 st\u0101sies sp\u0113k\u0101 no 2027. gada, savuk\u0101rt atsevi\u0161\u0137as pras\u012bbas &#8211; v\u0113l\u0101k, lai augstskol\u0101m un m\u0101c\u012bbsp\u0113kiem b\u016btu pietiekams laiks piel\u0101goties.<\/p>\n<p>IZM nor\u0101da, ka jaunais regul\u0113jums pal\u012bdz\u0113s uzlabot augst\u0101k\u0101s izgl\u012bt\u012bbas un zin\u0101tnes kvalit\u0101ti, k\u0101 ar\u012b veicin\u0101t akad\u0113misk\u0101 person\u0101la notur\u0113\u0161anu Latvij\u0101.<\/p>\n<p>\u0160obr\u012bd likumprojekti ir nodoti publiskai apsprie\u0161anai. P\u0113c tam, kad groz\u012bjumi tiks atbalst\u012bti vald\u012bb\u0101, par to pie\u0146em\u0161anu gal\u012bgo l\u0113mumu pie\u0146ems Saeima.<\/p>\n","protected":false},"excerpt":{"rendered":"Groz\u012bjumi paredz ieviest skaidru un vienotu akad\u0113misk\u0101s karjeras sist\u0113mu augst\u0101kaj\u0101 izgl\u012bt\u012bb\u0101, tostarp izgl\u012bt\u012bbas iest\u0101d\u0113s, kur\u0101s \u012bsteno \u012bs\u0101 cikla&hellip;\n","protected":false},"author":2,"featured_media":113959,"comment_status":"","ping_status":"","sticky":false,"template":"","format":"standard","meta":{"footnotes":""},"categories":[12],"tags":[23,6221,28,29,32,33,22,3313,30,31,35,39,38,36,37,34,40,20,26,27,24,25,21],"class_list":{"0":"post-113958","1":"post","2":"type-post","3":"status-publish","4":"format-standard","5":"has-post-thumbnail","7":"category-latvija","8":"tag-aktualitates","9":"tag-augstaka-izglitiba","10":"tag-breaking-news","11":"tag-breakingnews","12":"tag-featured-news","13":"tag-featurednews","14":"tag-headlines","15":"tag-izglitibas-un-zinatnes-ministrija","16":"tag-latest-news","17":"tag-latestnews","18":"tag-latvia","19":"tag-latvian","20":"tag-latviesu","21":"tag-latviesu-valoda","22":"tag-latviesuvaloda","23":"tag-latvija","24":"tag-lv","25":"tag-news","26":"tag-popularakas-zinas","27":"tag-popularakaszinas","28":"tag-top-stories","29":"tag-topstories","30":"tag-zinas"},"share_on_mastodon":{"url":"https:\/\/pubeurope.com\/@lv\/115960853445721568","error":""},"_links":{"self":[{"href":"https:\/\/www.europesays.com\/lv\/wp-json\/wp\/v2\/posts\/113958","targetHints":{"allow":["GET"]}}],"collection":[{"href":"https:\/\/www.europesays.com\/lv\/wp-json\/wp\/v2\/posts"}],"about":[{"href":"https:\/\/www.europesays.com\/lv\/wp-json\/wp\/v2\/types\/post"}],"author":[{"embeddable":true,"href":"https:\/\/www.europesays.com\/lv\/wp-json\/wp\/v2\/users\/2"}],"replies":[{"embeddable":true,"href":"https:\/\/www.europesays.com\/lv\/wp-json\/wp\/v2\/comments?post=113958"}],"version-history":[{"count":0,"href":"https:\/\/www.europesays.com\/lv\/wp-json\/wp\/v2\/posts\/113958\/revisions"}],"wp:featuredmedia":[{"embeddable":true,"href":"https:\/\/www.europesays.com\/lv\/wp-json\/wp\/v2\/media\/113959"}],"wp:attachment":[{"href":"https:\/\/www.europesays.com\/lv\/wp-json\/wp\/v2\/media?parent=113958"}],"wp:term":[{"taxonomy":"category","embeddable":true,"href":"https:\/\/www.europesays.com\/lv\/wp-json\/wp\/v2\/categories?post=113958"},{"taxonomy":"post_tag","embeddable":true,"href":"https:\/\/www.europesays.com\/lv\/wp-json\/wp\/v2\/tags?post=113958"}],"curies":[{"name":"wp","href":"https:\/\/api.w.org\/{rel}","templated":true}]}}