{"id":113964,"date":"2026-01-26T10:17:22","date_gmt":"2026-01-26T10:17:22","guid":{"rendered":"https:\/\/www.europesays.com\/lv\/113964\/"},"modified":"2026-01-26T10:17:22","modified_gmt":"2026-01-26T10:17:22","slug":"svetdiena-25-janvaris-2026-aprinkis-lv","status":"publish","type":"post","link":"https:\/\/www.europesays.com\/lv\/113964\/","title":{"rendered":"Sv\u0113tdiena, 25 Janv\u0101ris 2026 &#8211; aprinkis.lv"},"content":{"rendered":"<ol>\n<li><a href=\"https:\/\/news.google.com\/rss\/articles\/CBMid0FVX3lxTE5TTUFsUTNqSHU2Zy1zOElTTkF6SldmUWFpUHViWVpHNlJCLWthUkVlSzR5ZV9nMjUwd1gzNmNlTjVLUUV5RW5uSEJwRmluZ2lWNTdMOUdIU3dzTlU0YTgzcnd3M2Y1NU9nbUtZSDVNSEFHNzVhLW1B?oc=5\" target=\"_blank\" rel=\"nofollow noopener\">Sv\u0113tdiena, 25 Janv\u0101ris 2026<\/a>&nbsp;&nbsp;aprinkis.lv<\/li>\n<li><a href=\"https:\/\/news.google.com\/rss\/articles\/CBMi5wFBVV95cUxOQ1laaWFhODIxR1hna3A1MXpKMkZrRDhzUE9mRENzSVp5d2ZHUnI0a1I4VDR6ajF0cnp6SkNEN1ctVkFfUTVfWVZkbDVhVTdhTlNmcWZMWUY1OEFzc0syUEdsekprVzhOOTBWd1RBTi1sXzhDN0pCZUZHMEJRWDFhbUlCaTc2ZHlMeGttUEFXRGpFbTkycnJhZUlRS1F5MG04RmwyQ2hVcHoxcHJYU2NGd3lBQW1md0ZhUjgtNnpQWURwYkFIRlBudWhhVmFHdWlMeVdOTUQtM21CUnNMOElSMGMtbVNqTUk?oc=5\" target=\"_blank\" rel=\"nofollow noopener\">Ceremonija k\u0101 koncerts, kur\u0101 nen\u0101ks miegs. Par tre\u0161o Korm\u016bzikas balvu st\u0101sta Ints Teterovskis<\/a>&nbsp;&nbsp;LSM<\/li>\n<li><a href=\"https:\/\/news.google.com\/rss\/articles\/CBMivAFBVV95cUxPS3AzYUQ0OEU5UnhKUm1fZEU2VmlDWlVQdTI0N1RjaTFMUjk4MGdBR3NMaC1sMTQ1NF9tMml5cEFCWDh3bWZJQjVZdHBnTnNkMzNMYmRoX2FhQWNRMVdseXl1M0gybjloQ29yRnM2NkdwY3dLdjh3TDZ0YmN5WkROSTNNM193cXFHQzNaenBBSXU0X2VXdGRaYS1vNElGdHJTZmQ5VnFVZFItM3F2dXFVMjZaY0paSG1vVzZybA?oc=5\" target=\"_blank\" rel=\"nofollow noopener\">FOTO: korm\u016bzikas balvu par m\u016b\u017ea ieguld\u012bjumu sa\u0146em J\u0101nis Eren\u0161treits; gada koris &#8211; &#8220;Kam\u0113r&#8230;&#8221;<\/a>&nbsp;&nbsp;Jauns.lv<\/li>\n<li><a href=\"https:\/\/news.google.com\/rss\/articles\/CBMitgFBVV95cUxQRVNZLWVtbFNKbzQ0MjFuTkZBblRBdUtWZks1VFNTaDFmYWN0QWhOSE9qc2t1akk3M1c4eDRZQWRLUC1idFZycHlLbmlwbU9VQ01yaTJ5TWtTR1RwVlJaS0ZOaUR3Mms5YTg2S2JEUjlBRXduRnpWcE5hRVNRVVptcnF6bUg4bjY4SGdPRkw2QW9FNUQxV0dHMmhKbjBmYTlpUUgzV1c3TnI2cHZPZGhJdkM1UzdjZw?oc=5\" target=\"_blank\" rel=\"nofollow noopener\">FOTO \u27e9 Par gada kori atz\u012bts jaunie\u0161u koris &#8220;Kam\u0113r&#8230;&#8221;, bet gada diri\u0123enta gods ticis V\u012btolam<\/a>&nbsp;&nbsp;Sejas.lv<\/li>\n<li><a href=\"https:\/\/news.google.com\/rss\/articles\/CBMipAFBVV95cUxNQkNHWlhmZkFtT01DT0JPbDdjaUxZSE1YRDRDRXlsRW9FcWZEOG5adE5RaE9GRDNTZVhkLTFUd2tmanhQOU9QMmJTUHVTNHVjalA5dm9uMDNvTEFrejBxRGdCT0ZEUmJaT2FMaUhDbmRXS0I2ZlkxR1dEU2tSSG5GRmRXbnFZUVFaZXY4ZnJCTzByQWlsc1J2R0FWd1RSS3BzY0RqWg?oc=5\" target=\"_blank\" rel=\"nofollow noopener\">Ogr\u0113 izskan\u0113ju\u0161ais Em\u012bla D\u0101rzi\u0146a jubilejas koncertuzvedums nomin\u0113ts noz\u012bm\u012bgai balvai<\/a>&nbsp;&nbsp;ogrenet.lv<\/li>\n<\/ol>\n","protected":false},"excerpt":{"rendered":"Sv\u0113tdiena, 25 Janv\u0101ris 2026&nbsp;&nbsp;aprinkis.lv Ceremonija k\u0101 koncerts, kur\u0101 nen\u0101ks miegs. Par tre\u0161o Korm\u016bzikas balvu st\u0101sta Ints Teterovskis&nbsp;&nbsp;LSM FOTO:&hellip;\n","protected":false},"author":2,"featured_media":24800,"comment_status":"","ping_status":"","sticky":false,"template":"","format":"standard","meta":{"footnotes":""},"categories":[19],"tags":[47,89,90,381,64,35,39,38,36,37,34,40,385,172,382,384,383,21],"class_list":{"0":"post-113964","1":"post","2":"type-post","3":"status-publish","4":"format-standard","5":"has-post-thumbnail","7":"category-izklaide","8":"tag-ekonomika","9":"tag-entertainment","10":"tag-izklaide","11":"tag-jaunumi","12":"tag-kultura","13":"tag-latvia","14":"tag-latvian","15":"tag-latviesu","16":"tag-latviesu-valoda","17":"tag-latviesuvaloda","18":"tag-latvija","19":"tag-lv","20":"tag-pieriga","21":"tag-riga","22":"tag-sabiedriba","23":"tag-sludinajumi","24":"tag-sports-afisa","25":"tag-zinas"},"share_on_mastodon":{"url":"https:\/\/pubeurope.com\/@lv\/115960888837799357","error":""},"_links":{"self":[{"href":"https:\/\/www.europesays.com\/lv\/wp-json\/wp\/v2\/posts\/113964","targetHints":{"allow":["GET"]}}],"collection":[{"href":"https:\/\/www.europesays.com\/lv\/wp-json\/wp\/v2\/posts"}],"about":[{"href":"https:\/\/www.europesays.com\/lv\/wp-json\/wp\/v2\/types\/post"}],"author":[{"embeddable":true,"href":"https:\/\/www.europesays.com\/lv\/wp-json\/wp\/v2\/users\/2"}],"replies":[{"embeddable":true,"href":"https:\/\/www.europesays.com\/lv\/wp-json\/wp\/v2\/comments?post=113964"}],"version-history":[{"count":0,"href":"https:\/\/www.europesays.com\/lv\/wp-json\/wp\/v2\/posts\/113964\/revisions"}],"wp:featuredmedia":[{"embeddable":true,"href":"https:\/\/www.europesays.com\/lv\/wp-json\/wp\/v2\/media\/24800"}],"wp:attachment":[{"href":"https:\/\/www.europesays.com\/lv\/wp-json\/wp\/v2\/media?parent=113964"}],"wp:term":[{"taxonomy":"category","embeddable":true,"href":"https:\/\/www.europesays.com\/lv\/wp-json\/wp\/v2\/categories?post=113964"},{"taxonomy":"post_tag","embeddable":true,"href":"https:\/\/www.europesays.com\/lv\/wp-json\/wp\/v2\/tags?post=113964"}],"curies":[{"name":"wp","href":"https:\/\/api.w.org\/{rel}","templated":true}]}}