{"id":113994,"date":"2026-01-26T10:46:11","date_gmt":"2026-01-26T10:46:11","guid":{"rendered":"https:\/\/www.europesays.com\/lv\/113994\/"},"modified":"2026-01-26T10:46:11","modified_gmt":"2026-01-26T10:46:11","slug":"francijas-un-horvatijas-telpu-futbola-izlases-riga-eiropas-cempionata-ievada-spele-neizskirti-22-lente-lv","status":"publish","type":"post","link":"https:\/\/www.europesays.com\/lv\/113994\/","title":{"rendered":"Francijas un Horv\u0101tijas telpu futbola izlases R\u012bg\u0101 Eiropas \u010dempion\u0101ta ievad\u0101 sp\u0113l\u0113 neiz\u0161\u0137irti 2:2\u00a0\u2014\u00a0Lente.lv"},"content":{"rendered":"<p>Eiropas \u010dempion\u0101ta atkl\u0101\u0161anas sp\u0113le R\u012bg\u0101<\/p>\n<p>R\u012bg\u0101, aizvadot Eiropas \u010dempion\u0101ta telpu futbol\u0101 (futs\u0101l\u0101) ievadsp\u0113li, Francijas un Horv\u0101tijas v\u012brie\u0161u izlases c\u012bn\u012bj\u0101s neiz\u0161\u0137irti ar rezult\u0101tu 2:2 (1:2). \u0160is bija viens no pirmajiem ma\u010diem, kas notika Latvijas galvaspils\u0113t\u0101, kurai kop\u0101 ar Lietuvu un Slov\u0113niju ir uztic\u0113ta turn\u012bra r\u012bko\u0161ana. K\u0101 inform\u0113 port\u0101ls jauns.lv, sp\u0113le notika &#8220;Xiaomi ar\u0113n\u0101&#8221;.<\/p>\n<p>Sp\u0113les gaita un svar\u012bg\u0101kie notikumi<\/p>\n<p>Ma\u010da rezult\u0101tu 13. min\u016bt\u0113 atkl\u0101ja Horv\u0101tijas sp\u0113l\u0113t\u0101js Duje Kustura. Tikai pusotru min\u016bti v\u0113l\u0101k Francijas izlases p\u0101rst\u0101vis Mamad\u016b Tur\u0113 pan\u0101ca izl\u012bdzin\u0101jumu. Pirms pirm\u0101 puslaika beigu sign\u0101la, vair\u0101k nek\u0101 tr\u012bs min\u016btes pirms pauzes, Uasini Guirio pan\u0101ca 2:1 Francijas lab\u0101. Otraj\u0101 puslaik\u0101, se\u0161as min\u016btes pirms pamatlaika beig\u0101m, Duje Kustura ar saviem otrajiem v\u0101rtiem sp\u0113l\u0113 atjaunoja neiz\u0161\u0137irtu rezult\u0101tu 2:2.<\/p>\n<p>Turn\u012bra norise un Latvijas izlases perspekt\u012bvas<\/p>\n<p>Eiropas \u010dempion\u0101ta fin\u0101lturn\u012brs telpu futbol\u0101 norisin\u0101s no 21. janv\u0101ra l\u012bdz 7. febru\u0101rim, pirmo reizi v\u0113stur\u0113 notiekot tr\u012bs valst\u012bs. R\u012bg\u0101 tiek aizvad\u012btas A apak\u0161grupas sp\u0113les, k\u0101 ar\u012b viens ceturtda\u013cfin\u0101la ma\u010ds. Latvijas izlase, kas \u0161aj\u0101 turn\u012br\u0101 debit\u0113, savu pirmo sp\u0113li aizvad\u012bs pret Gruziju, bet v\u0113l\u0101k tiksies ar Franciju un Horv\u0101tiju. P\u0113c Francijas un Horv\u0101tijas sp\u0113les, ab\u0101m izlas\u0113m ir pa vienam punktam A apak\u0161grup\u0101.<\/p>\n<p>Komandu sal\u012bdzin\u0101jums un Francijas izlases sniegums<\/p>\n<p>Francijas telpu futbola izlase p\u0113d\u0113jos gados demonstr\u0113 iev\u0113rojamu progresu, aizvad\u012btaj\u0101 gad\u0101 debit\u0113jot Pasaules kausa fin\u0101lturn\u012br\u0101 un izc\u012bnot ceturto vietu. T\u0101 FIFA pasaules rang\u0101 atrodas 10. viet\u0101, kam\u0113r Latvijas izlase ir 52. poz\u012bcij\u0101. Neskatoties uz Francijas sp\u0113c\u012bgo sast\u0101vu, kas liel\u0101koties veidots no Francijas \u010dempion\u0101ta lab\u0101kaj\u0101m komand\u0101m, Horv\u0101tija, kas FIFA rang\u0101 ie\u0146em 14. vietu, sp\u0113ja nosp\u0113l\u0113t neiz\u0161\u0137irti. Horv\u0101tijas izlase ir izc\u012bn\u012bjusi otro vietu 2018. gada Pasaules kaus\u0101, piek\u0101pjoties tie\u0161i Francijai fin\u0101l\u0101.<\/p>\n","protected":false},"excerpt":{"rendered":"Eiropas \u010dempion\u0101ta atkl\u0101\u0161anas sp\u0113le R\u012bg\u0101 R\u012bg\u0101, aizvadot Eiropas \u010dempion\u0101ta telpu futbol\u0101 (futs\u0101l\u0101) ievadsp\u0113li, Francijas un Horv\u0101tijas v\u012brie\u0161u izlases&hellip;\n","protected":false},"author":2,"featured_media":113995,"comment_status":"","ping_status":"","sticky":false,"template":"","format":"standard","meta":{"footnotes":""},"categories":[5],"tags":[23,28,29,696,32,33,1309,22,12513,30,31,35,39,38,36,37,34,40,20,26,27,172,2313,24,25,21],"class_list":{"0":"post-113994","1":"post","2":"type-post","3":"status-publish","4":"format-standard","5":"has-post-thumbnail","7":"category-aktualitates","8":"tag-aktualitates","9":"tag-breaking-news","10":"tag-breakingnews","11":"tag-eiropas-cempionats","12":"tag-featured-news","13":"tag-featurednews","14":"tag-francija","15":"tag-headlines","16":"tag-horvatija","17":"tag-latest-news","18":"tag-latestnews","19":"tag-latvia","20":"tag-latvian","21":"tag-latviesu","22":"tag-latviesu-valoda","23":"tag-latviesuvaloda","24":"tag-latvija","25":"tag-lv","26":"tag-news","27":"tag-popularakas-zinas","28":"tag-popularakaszinas","29":"tag-riga","30":"tag-telpu-futbols","31":"tag-top-stories","32":"tag-topstories","33":"tag-zinas"},"share_on_mastodon":{"url":"https:\/\/pubeurope.com\/@lv\/115961002869311238","error":""},"_links":{"self":[{"href":"https:\/\/www.europesays.com\/lv\/wp-json\/wp\/v2\/posts\/113994","targetHints":{"allow":["GET"]}}],"collection":[{"href":"https:\/\/www.europesays.com\/lv\/wp-json\/wp\/v2\/posts"}],"about":[{"href":"https:\/\/www.europesays.com\/lv\/wp-json\/wp\/v2\/types\/post"}],"author":[{"embeddable":true,"href":"https:\/\/www.europesays.com\/lv\/wp-json\/wp\/v2\/users\/2"}],"replies":[{"embeddable":true,"href":"https:\/\/www.europesays.com\/lv\/wp-json\/wp\/v2\/comments?post=113994"}],"version-history":[{"count":0,"href":"https:\/\/www.europesays.com\/lv\/wp-json\/wp\/v2\/posts\/113994\/revisions"}],"wp:featuredmedia":[{"embeddable":true,"href":"https:\/\/www.europesays.com\/lv\/wp-json\/wp\/v2\/media\/113995"}],"wp:attachment":[{"href":"https:\/\/www.europesays.com\/lv\/wp-json\/wp\/v2\/media?parent=113994"}],"wp:term":[{"taxonomy":"category","embeddable":true,"href":"https:\/\/www.europesays.com\/lv\/wp-json\/wp\/v2\/categories?post=113994"},{"taxonomy":"post_tag","embeddable":true,"href":"https:\/\/www.europesays.com\/lv\/wp-json\/wp\/v2\/tags?post=113994"}],"curies":[{"name":"wp","href":"https:\/\/api.w.org\/{rel}","templated":true}]}}