{"id":11400,"date":"2025-10-03T11:39:13","date_gmt":"2025-10-03T11:39:13","guid":{"rendered":"https:\/\/www.europesays.com\/lv\/11400\/"},"modified":"2025-10-03T11:39:13","modified_gmt":"2025-10-03T11:39:13","slug":"dieva-suns-atklas-rigas-starptautisko-kino-festivalu-un-pretendes-uz-oskaru-lente-lv","status":"publish","type":"post","link":"https:\/\/www.europesays.com\/lv\/11400\/","title":{"rendered":"\u00abDieva suns\u00bb atkl\u0101s R\u012bgas Starptautisko kino festiv\u0101lu un pretend\u0113s uz \u00abOskaru\u00bb\u00a0\u2014\u00a0Lente.lv"},"content":{"rendered":"<p>R\u012bgas Starptautiskais Kino Festiv\u0101ls: \u00abDieva Suns\u00bb Atkl\u0101j Festiv\u0101lu Un P\u0101rst\u0101v Latviju \u00abOskara\u00bb Kandicat\u016br\u0101<\/p>\n<p>R\u012bgas Starptautiskais kino festiv\u0101ls (RIGA IFF), kas norisin\u0101sies no 2025. gada 16. l\u012bdz 26. oktobrim, \u0161ogad atkl\u0101s br\u0101\u013cu \u0100be\u013cu veidot\u0101 anim\u0101cijas filma \u201cDieva suns\u201d. \u0160is notikums ir ne tikai noz\u012bm\u012bgs 12. festiv\u0101la sezonas s\u0101kums, bet ar\u012b apliecin\u0101jums Latvijas kino sp\u0113kam, jo filma \u201cDieva suns\u201d ir izvirz\u012bta k\u0101 Latvijas kandidat\u016bra presti\u017eajai Amerikas Kinoakad\u0113mijas balvai \u201cOskars\u201d kategorij\u0101 \u201cLab\u0101k\u0101 starptautisk\u0101 pilnmetr\u0101\u017eas filma\u201d.<\/p>\n<p>Latvijas Kino Lepnums Konkurs\u0101<\/p>\n<p>\u0160\u012b gada RIGA IFF pilnmetr\u0101\u017eas filmu konkurs\u0101 Latviju p\u0101rst\u0101v\u0113s tr\u012bs iespaid\u012bgi darbi, apliecinot pa\u0161m\u0101ju kino autoru drosmi un ori\u0123inalit\u0101ti. Papildus \u201cDieva sunim\u201d, konkurs\u0101 iek\u013cautas ar\u012b J\u0101\u0146a \u0100beles dokument\u0101lais detekt\u012bvs \u201cTestaments\u201d un Kristas Bur\u0101nes muzik\u0101l\u0101 \u012bpa\u0161vietas izr\u0101de \u201cVisi putni skaisti dzied\u201d, kas fiks\u0113ta kino form\u0101t\u0101. \u0160ie tr\u012bs darbi demonstr\u0113 Latvijas kino daudzveid\u012bbu, s\u0101kot no stilistiski drosm\u012bgas anim\u0101cijas, kas p\u0113ta v\u0113stures l\u012bklo\u010dus, l\u012bdz pat dzi\u013ciem dokument\u0101liem st\u0101stiem un po\u0113tiskiem darbiem, kas piev\u0113r\u0161as gan cilv\u0113kst\u0101stiem, gan aktu\u0101l\u0101m ekolo\u0123isk\u0101m probl\u0113m\u0101m. \u201cDieva suns\u201d , kas jau piedz\u012bvojis pasaules pirmizr\u0101di \u0145ujork\u0101, ir stilistiski unik\u0101ls rotoskopijas tehnik\u0101 darin\u0101ts darbs, kas aizved skat\u012bt\u0101jus Livonijas v\u0113stures un raganu pr\u0101vu pasaul\u0113. T\u0101 ir filma, kas ar savu drosm\u012bgo formu un neatk\u0101rtojamo vizu\u0101lo valodu neap\u0161aub\u0101mi atst\u0101s dzi\u013cu iespaidu.<\/p>\n<p>Starptautisks Kino Apskats Un Sp\u0113c\u012bga \u017d\u016brija<\/p>\n<p>RIGA IFF pilnmetr\u0101\u017eas filmu konkurss pulc\u0113s devi\u0146us izmekl\u0113tus darbus no da\u017e\u0101d\u0101m valst\u012bm, tostarp D\u0101nijas, Lietuvas, Norv\u0113\u0123ijas, Ukrainas un Zviedrijas. Festiv\u0101la organizatori uzsver, ka \u0161\u012b gada konkursa filmas \u012bpa\u0161i atspogu\u013co pasaules aktualit\u0101tes un cilv\u0113ces m\u016b\u017e\u012bgos jaut\u0101jumus par identit\u0101ti un eksistenci, pat ja to si\u017eeti risin\u0101s v\u0113sturiskos kontekstos. Festiv\u0101la galveno balvu \u2013 bronzas statueti un 5 000 eiro \u2013 pie\u0161\u0137irs starptautiska \u017e\u016brija, kuras sast\u0101v\u0101 ir t\u0101di kino profesion\u0101\u013ci k\u0101 fran\u010du kurators Tibo Braks, igau\u0146u re\u017eisore Anna Hintsa, latvie\u0161u producente Alise \u0122elze, norv\u0113\u0123u producente Gudnija Humelvolla un Kannu kinofestiv\u0101la Filmu departamenta vad\u012bt\u0101js Kristi\u0101ns \u017d\u0113ns. \u0160\u0101ds ekspertu sast\u0101vs garant\u0113 r\u016bp\u012bgu un kompetentu filmu izv\u0113rt\u0113\u0161anu.<\/p>\n<p>Kino Da\u017e\u0101d\u0101m Gaum\u0113m Un Vecumiem<\/p>\n<p>Festiv\u0101la programma pied\u0101v\u0101 daudzveid\u012bgu kino pieredzi, sniedzot vair\u0101k nek\u0101 100 seansus, kas atspogu\u013co pasaules un Eiropas kinematogr\u0101fijas bag\u0101t\u012bbu. Apmekl\u0113t\u0101jus sagaida gan emocion\u0101li pies\u0101tin\u0101ts dokument\u0101lais un sp\u0113lfilmu kino, gan izsmalcin\u0101ti autoru darbi un aizraujo\u0161i cilv\u0113kst\u0101sti. Tiek demonstr\u0113ti darbi, kas p\u0101rst\u0101v da\u017e\u0101das kino skolas, trad\u012bcijas un ekr\u0101na valodas, radot iesp\u0113ju skat\u012bt\u0101jiem iejusties da\u017e\u0101dos pasaules st\u0101stos un pieredz\u0113s. RIGA IFF atbalsta Valsts kult\u016brkapit\u0101la fonds, Eiropas Savien\u012bbas programma \u201cRado\u0161\u0101 Eiropa \u2013 MEDIA\u201d, R\u012bgas pils\u0113tas pa\u0161vald\u012bba un Nacion\u0101lais kino centrs, nodro\u0161inot festiv\u0101la att\u012bst\u012bbu un pla\u0161o programmu. Bi\u013cetes uz visiem festiv\u0101la seansiem jau ir pieejamas festiv\u0101la m\u0101jaslap\u0101 rigaiff.lv un \u201cBi\u013ce\u0161u serviss\u201d tirdzniec\u012bbas viet\u0101s.<\/p>\n","protected":false},"excerpt":{"rendered":"R\u012bgas Starptautiskais Kino Festiv\u0101ls: \u00abDieva Suns\u00bb Atkl\u0101j Festiv\u0101lu Un P\u0101rst\u0101v Latviju \u00abOskara\u00bb Kandicat\u016br\u0101 R\u012bgas Starptautiskais kino festiv\u0101ls (RIGA&hellip;\n","protected":false},"author":2,"featured_media":11401,"comment_status":"","ping_status":"","sticky":false,"template":"","format":"standard","meta":{"footnotes":""},"categories":[19],"tags":[4191,89,90,35,39,38,4192,36,37,34,40,4193,3876,4190],"class_list":{"0":"post-11400","1":"post","2":"type-post","3":"status-publish","4":"format-standard","5":"has-post-thumbnail","7":"category-izklaide","8":"tag-dieva-suns","9":"tag-entertainment","10":"tag-izklaide","11":"tag-latvia","12":"tag-latvian","13":"tag-latviesu","14":"tag-latviesu-animacija","15":"tag-latviesu-valoda","16":"tag-latviesuvaloda","17":"tag-latvija","18":"tag-lv","19":"tag-oskars","20":"tag-riga-iff","21":"tag-rigas-starptautiskais-kino-festivals"},"share_on_mastodon":{"url":"","error":""},"_links":{"self":[{"href":"https:\/\/www.europesays.com\/lv\/wp-json\/wp\/v2\/posts\/11400","targetHints":{"allow":["GET"]}}],"collection":[{"href":"https:\/\/www.europesays.com\/lv\/wp-json\/wp\/v2\/posts"}],"about":[{"href":"https:\/\/www.europesays.com\/lv\/wp-json\/wp\/v2\/types\/post"}],"author":[{"embeddable":true,"href":"https:\/\/www.europesays.com\/lv\/wp-json\/wp\/v2\/users\/2"}],"replies":[{"embeddable":true,"href":"https:\/\/www.europesays.com\/lv\/wp-json\/wp\/v2\/comments?post=11400"}],"version-history":[{"count":0,"href":"https:\/\/www.europesays.com\/lv\/wp-json\/wp\/v2\/posts\/11400\/revisions"}],"wp:featuredmedia":[{"embeddable":true,"href":"https:\/\/www.europesays.com\/lv\/wp-json\/wp\/v2\/media\/11401"}],"wp:attachment":[{"href":"https:\/\/www.europesays.com\/lv\/wp-json\/wp\/v2\/media?parent=11400"}],"wp:term":[{"taxonomy":"category","embeddable":true,"href":"https:\/\/www.europesays.com\/lv\/wp-json\/wp\/v2\/categories?post=11400"},{"taxonomy":"post_tag","embeddable":true,"href":"https:\/\/www.europesays.com\/lv\/wp-json\/wp\/v2\/tags?post=11400"}],"curies":[{"name":"wp","href":"https:\/\/api.w.org\/{rel}","templated":true}]}}