{"id":114004,"date":"2026-01-26T11:03:07","date_gmt":"2026-01-26T11:03:07","guid":{"rendered":"https:\/\/www.europesays.com\/lv\/114004\/"},"modified":"2026-01-26T11:03:07","modified_gmt":"2026-01-26T11:03:07","slug":"valdiba-mekle-risinajumus-augstiem-apkures-rekiniem-ko-izraisijis-aukstais-janvaris-lente-lv","status":"publish","type":"post","link":"https:\/\/www.europesays.com\/lv\/114004\/","title":{"rendered":"Vald\u012bba mekl\u0113 risin\u0101jumus augstiem apkures r\u0113\u0137iniem, ko izrais\u012bjis aukstais janv\u0101ris\u00a0\u2014\u00a0Lente.lv"},"content":{"rendered":"<p>Aukstais janv\u0101ris rada ba\u017eas par apkures r\u0113\u0137iniem<\/p>\n<p>\u0160\u012b gada janv\u0101ris Latvij\u0101 ir bijis viens no aukst\u0101kajiem p\u0113d\u0113jo 15 gadu laik\u0101, radot b\u016btisku siltumener\u0123ijas pat\u0113ri\u0146a pieaugumu un prognoz\u0113jot iev\u0113rojami augst\u0101kus apkures r\u0113\u0137inus m\u0101jsaimniec\u012bb\u0101m. Paredzams, ka siltumener\u0123ijas pat\u0113ri\u0146\u0161 R\u012bg\u0101 vien janv\u0101r\u012b pieaugs par aptuveni 60% sal\u012bdzin\u0101jum\u0101 ar decembri.<\/p>\n<p>Lai gan prec\u012bzi r\u0113\u0137ini b\u016bs atkar\u012bgi no \u0113ku energoefektivit\u0101tes, jau tagad skaidrs, ka strauji pieaugu\u0161ais maks\u0101jumu slogs rada nopietnas ba\u017eas par iedz\u012bvot\u0101ju sp\u0113ju nor\u0113\u0137in\u0101ties par komun\u0101lajiem pakalpojumiem.<\/p>\n<p>Vald\u012bbas reakcija un pl\u0101not\u0101s darb\u012bbas<\/p>\n<p>Ekonomikas ministrs Viktors Valainis (ZZS) ir rosin\u0101jis nekav\u0113joties sasaukt Valsts ener\u0123\u0113tisk\u0101s kr\u012bzes centra \u0101rk\u0101rtas s\u0113di, lai rastu efekt\u012bvus risin\u0101jumus iedz\u012bvot\u0101ju atbalstam. Vi\u0146\u0161 uzsv\u0113ris nepiecie\u0161am\u012bbu p\u0113c valsts l\u012bme\u0146a koordin\u0113tas r\u012bc\u012bbas, nor\u0101dot, ka ir svar\u012bgi, lai cilv\u0113ki b\u016btu p\u0101rliecin\u0101ti, ka valsts vi\u0146us neatst\u0101j vienus ar p\u0101rm\u0113r\u012bgu r\u0113\u0137inu slogu.<\/p>\n<p>Ministrs ir uzdevis Ekonomikas ministrijai sazin\u0101ties ar Valsts ener\u0123\u0113tisk\u0101s kr\u012bzes centru, lai s\u0113de notiktu p\u0113c iesp\u0113jas dr\u012bz\u0101k. \u0160\u0101ds s\u0113des form\u0101ts ir atbilsto\u0161s, lai operat\u012bvi nov\u0113rt\u0113tu situ\u0101ciju un vienlaikus pie\u0146emtu l\u0113mumus par atbalsta pas\u0101kumiem augsto r\u0113\u0137inu sloga mazin\u0101\u0161anai.<\/p>\n<p>Tiek paredz\u0113ts, ka s\u0113d\u0113 var\u0113tu tikt izskat\u012btas da\u017e\u0101das iesp\u0113jas, tostarp jau iepriek\u0161 \u012bstenotie atbalsta meh\u0101nismi vai jauni risin\u0101jumi. Valsts ener\u0123\u0113tisk\u0101s kr\u012bzes centrs ir koordin\u0113jo\u0161a un konsultat\u012bva valsts instit\u016bcija, kuras uzdevums kr\u012bzes laik\u0101 ir vad\u012bt kr\u012bzes nov\u0113r\u0161anas un t\u0101s izrais\u012bto seku likvid\u0113\u0161anas pas\u0101kumus.<\/p>\n<p>Klimata un ener\u0123\u0113tikas ministra pl\u0101ni<\/p>\n<p>Savuk\u0101rt Klimata un ener\u0123\u0113tikas ministrs Kaspars Melnis (ZZS) situ\u0101ciju ar apkures r\u0113\u0137iniem pl\u0101no p\u0101rrun\u0101t ar pa\u0161vald\u012bbu un Labkl\u0101j\u012bbas ministrijas p\u0101rst\u0101vjiem.<\/p>\n<p>Melnis ir uzsv\u0113ris, ka klimata p\u0101rmai\u0146as rada re\u0101lus zaud\u0113jumus un valstij ir j\u0101str\u0101d\u0101 pie klimata notur\u012bbas un j\u0101pal\u012bdz cilv\u0113kiem piel\u0101goties, lai mazin\u0101tu riskus. Vi\u0146\u0161 ar\u012b nor\u0101d\u012bjis, ka sabiedr\u012bb\u0101 ir daudz m\u012btu un dezinform\u0101cijas par klimata un ener\u0123\u0113tikas jaut\u0101jumiem, t\u0101p\u0113c nepiecie\u0161ama skaidra komunik\u0101cija un re\u0101li piem\u0113ri.<\/p>\n<p>Iepriek\u0161\u0113j\u0101 pieredze un iesp\u0113jamie risin\u0101jumi<\/p>\n<p>Latvij\u0101 jau ir bijusi pieredze ar atbalsta pas\u0101kumiem m\u0101jsaimniec\u012bb\u0101m energoresursu cenu \u0101rk\u0101rt\u0113ja pieauguma laik\u0101. Piem\u0113ram, apkures sezon\u0101 2022.\/2023. gad\u0101 tika nodro\u0161in\u0101ts atbalsts malkai, koksnes granul\u0101m, briket\u0113m un elektroener\u0123ijai.<\/p>\n<p>Tiek izskat\u012btas da\u017e\u0101das iesp\u0113jas, k\u0101 pal\u012bdz\u0113t iedz\u012bvot\u0101jiem. Viens no priek\u0161likumiem ir \u013caut pak\u0101penisku apkures r\u0113\u0137inu apmaksu iedz\u012bvot\u0101jiem.<\/p>\n<p>Secin\u0101jumi un prognozes<\/p>\n<p>\u0145emot v\u0113r\u0101 janv\u0101ra salu un prognoz\u0113to apkures izmaksu k\u0101pumu, vald\u012bba akt\u012bvi mekl\u0113 risin\u0101jumus, lai mazin\u0101tu slogu m\u0101jsaimniec\u012bb\u0101m. Valsts ener\u0123\u0113tisk\u0101s kr\u012bzes centra s\u0113de un sarunas ar pa\u0161vald\u012bbu un Labkl\u0101j\u012bbas ministrijas p\u0101rst\u0101vjiem ir soli \u0161aj\u0101 virzien\u0101.<\/p>\n<p>Lai gan pagaid\u0101m konkr\u0113ti atbalsta pas\u0101kumi v\u0113l nav izzi\u0146oti, tiek sol\u012bts r\u012bkoties \u0101tri un atbild\u012bgi, lai iedz\u012bvot\u0101ji justu valsts atbalstu.<\/p>\n","protected":false},"excerpt":{"rendered":"Aukstais janv\u0101ris rada ba\u017eas par apkures r\u0113\u0137iniem \u0160\u012b gada janv\u0101ris Latvij\u0101 ir bijis viens no aukst\u0101kajiem p\u0113d\u0113jo 15&hellip;\n","protected":false},"author":2,"featured_media":114005,"comment_status":"","ping_status":"","sticky":false,"template":"","format":"standard","meta":{"footnotes":""},"categories":[12],"tags":[23,26312,28,29,26369,32,33,22,5478,30,31,35,39,38,36,37,34,40,20,26,27,24,25,592,26601,21],"class_list":{"0":"post-114004","1":"post","2":"type-post","3":"status-publish","4":"format-standard","5":"has-post-thumbnail","7":"category-latvija","8":"tag-aktualitates","9":"tag-apkures-rekini","10":"tag-breaking-news","11":"tag-breakingnews","12":"tag-energetiska-krize","13":"tag-featured-news","14":"tag-featurednews","15":"tag-headlines","16":"tag-kaspars-melnis","17":"tag-latest-news","18":"tag-latestnews","19":"tag-latvia","20":"tag-latvian","21":"tag-latviesu","22":"tag-latviesu-valoda","23":"tag-latviesuvaloda","24":"tag-latvija","25":"tag-lv","26":"tag-news","27":"tag-popularakas-zinas","28":"tag-popularakaszinas","29":"tag-top-stories","30":"tag-topstories","31":"tag-viktors-valainis","32":"tag-ziema-2026","33":"tag-zinas"},"share_on_mastodon":{"url":"https:\/\/pubeurope.com\/@lv\/115961069997363512","error":""},"_links":{"self":[{"href":"https:\/\/www.europesays.com\/lv\/wp-json\/wp\/v2\/posts\/114004","targetHints":{"allow":["GET"]}}],"collection":[{"href":"https:\/\/www.europesays.com\/lv\/wp-json\/wp\/v2\/posts"}],"about":[{"href":"https:\/\/www.europesays.com\/lv\/wp-json\/wp\/v2\/types\/post"}],"author":[{"embeddable":true,"href":"https:\/\/www.europesays.com\/lv\/wp-json\/wp\/v2\/users\/2"}],"replies":[{"embeddable":true,"href":"https:\/\/www.europesays.com\/lv\/wp-json\/wp\/v2\/comments?post=114004"}],"version-history":[{"count":0,"href":"https:\/\/www.europesays.com\/lv\/wp-json\/wp\/v2\/posts\/114004\/revisions"}],"wp:featuredmedia":[{"embeddable":true,"href":"https:\/\/www.europesays.com\/lv\/wp-json\/wp\/v2\/media\/114005"}],"wp:attachment":[{"href":"https:\/\/www.europesays.com\/lv\/wp-json\/wp\/v2\/media?parent=114004"}],"wp:term":[{"taxonomy":"category","embeddable":true,"href":"https:\/\/www.europesays.com\/lv\/wp-json\/wp\/v2\/categories?post=114004"},{"taxonomy":"post_tag","embeddable":true,"href":"https:\/\/www.europesays.com\/lv\/wp-json\/wp\/v2\/tags?post=114004"}],"curies":[{"name":"wp","href":"https:\/\/api.w.org\/{rel}","templated":true}]}}