{"id":11402,"date":"2025-10-03T11:44:11","date_gmt":"2025-10-03T11:44:11","guid":{"rendered":"https:\/\/www.europesays.com\/lv\/11402\/"},"modified":"2025-10-03T11:44:11","modified_gmt":"2025-10-03T11:44:11","slug":"darba-deveji-lidz-sim-pieteikusi-vairak-neka-1300-brivo-darba-vietu","status":"publish","type":"post","link":"https:\/\/www.europesays.com\/lv\/11402\/","title":{"rendered":"darba dev\u0113ji l\u012bdz \u0161im pieteiku\u0161i vair\u0101k nek\u0101 1300 br\u012bvo darba vietu"},"content":{"rendered":"<p>NVA atg\u0101dina, ka darba dev\u0113ji, kuri v\u0113l mekl\u0113 darbiniekus, l\u012bdz 8.oktobra darba dienas beig\u0101m var pieteikties dal\u012bbai Vakan\u010du gadatirg\u016b, aizpildot pieteikuma anketu NVA t\u012bmek\u013cvietn\u0113. Dal\u012bba gan darba dev\u0113jiem, gan darba mekl\u0113t\u0101jiem ir bez maksas.<\/p>\n<p>Patlaban dal\u012bbai pieteiku\u0161ies t\u0101di uz\u0146\u0113mumi un iest\u0101des k\u0101 &#8220;Adoro Melodija&#8221;, &#8220;Apollo Group&#8221;, &#8220;Austra Pak&#8221;, &#8220;Baltic Restaurants Latvia&#8221;, &#8220;BWT Timber&#8221;, &#8220;CCC Riga Digital Services&#8221;, &#8220;Depo DIY&#8221;, &#8220;Energofirma Jauda&#8221;, &#8220;Food Union\/ R\u012bgas piena kombin\u0101ts&#8221;, &#8220;Grindeks&#8221;, &#8220;Hagberg&#8221;, Ieslodz\u012bjuma vietu p\u0101rvalde, &#8220;Kesko Senukai Latvia&#8221;, &#8220;\u0136ekava Foods&#8221;, &#8220;Latvijas dzelzce\u013c\u0161&#8221;, &#8220;L\u0101\u010di&#8221;, &#8220;Lenoka&#8221;, &#8220;Maxima Latvija&#8221;, &#8220;Mogotel Hotel Group&#8221;, Nacion\u0101lo bru\u0146oto sp\u0113ku Apvienot\u0101 \u0161t\u0101ba Rekrut\u0113\u0161anas un atlases centrs, Neatliekam\u0101s medic\u012bnisk\u0101s pal\u012bdz\u012bbas dienests, &#8220;Pasa\u017eieru vilciens&#8221;, R\u012bgas Austrumu kl\u012bnisk\u0101 universit\u0101tes slimn\u012bca, &#8220;R\u012bgas autonoma&#8221;, R\u012bgas lidosta, &#8220;R\u012bgas satiksme&#8221;, R\u012bgas 1.slimn\u012bca, &#8220;Rimi Latvija&#8221;, &#8220;SOL Baltics OU Latvijas Fili\u0101le&#8221;, Valsts policija, &#8220;Viada Baltija&#8221; un citi.<\/p>\n<p>Darba dev\u0113jiem Vakan\u010du gadatirg\u016b b\u016bs ar\u012b iesp\u0113ja prezent\u0101ciju telp\u0101 iepaz\u012bstin\u0101t ar saviem uz\u0146\u0113mumiem, to darb\u012bbas jomu, darba vidi, v\u0113rt\u012bb\u0101m un att\u012bst\u012bbas virzieniem.<\/p>\n<p>Savuk\u0101rt darba mekl\u0113t\u0101jiem pas\u0101kuma dien\u0101 b\u016bs iesp\u0113ja kl\u0101tien\u0113 satikt da\u017e\u0101du nozaru darba dev\u0113jus, p\u0101rrun\u0101t ar vi\u0146iem darba nosac\u012bjumus, apst\u0101k\u013cus un specifiku, k\u0101 ar\u012b piedal\u012bties darba intervij\u0101s. Darba mekl\u0113t\u0101jiem ar dzirdes trauc\u0113jumiem b\u016bs nodro\u0161in\u0101ts surdotulka pakalpojums. NVA iesaka darba mekl\u0113t\u0101jiem savlaic\u012bgi sagatavot CV, bet, ja nepiecie\u0161ams atbalsts t\u0101 izstr\u0101d\u0113, iesp\u0113jams pieteikties karjeras konsult\u0101cijai.<\/p>\n<p>Vakan\u010du gadatirg\u016b darbosies ar\u012b specializ\u0113ts NVA stends. NVA speci\u0101listi konsult\u0113s par karjeras pl\u0101no\u0161anas, darba mekl\u0113\u0161anas un darba mobilit\u0101tes jaut\u0101jumiem, k\u0101 ar\u012b inform\u0113s par NVA pakalpojumiem, tostarp iesp\u0113j\u0101m apg\u016bt vai pilnveidot darbam nepiecie\u0161am\u0101s zin\u0101\u0161anas un prasmes ar valsts atbalstu.<\/p>\n<p>Pas\u0101kums tiek organiz\u0113ts Eiropas Soci\u0101l\u0101 fonda Plus projekta &#8220;Nodarbin\u0101t\u012bbas valsts a\u0123ent\u016bras veiktsp\u0113jas stiprin\u0101\u0161ana&#8221; laik\u0101.<\/p>\n","protected":false},"excerpt":{"rendered":"NVA atg\u0101dina, ka darba dev\u0113ji, kuri v\u0113l mekl\u0113 darbiniekus, l\u012bdz 8.oktobra darba dienas beig\u0101m var pieteikties dal\u012bbai Vakan\u010du&hellip;\n","protected":false},"author":2,"featured_media":11403,"comment_status":"","ping_status":"","sticky":false,"template":"","format":"standard","meta":{"footnotes":""},"categories":[5],"tags":[23,4194,28,29,51,4196,32,33,22,30,31,35,39,38,36,37,34,40,20,4195,26,27,172,24,25,21],"class_list":{"0":"post-11402","1":"post","2":"type-post","3":"status-publish","4":"format-standard","5":"has-post-thumbnail","7":"category-aktualitates","8":"tag-aktualitates","9":"tag-bezdarbs","10":"tag-breaking-news","11":"tag-breakingnews","12":"tag-darbs","13":"tag-darbs-un-karjera","14":"tag-featured-news","15":"tag-featurednews","16":"tag-headlines","17":"tag-latest-news","18":"tag-latestnews","19":"tag-latvia","20":"tag-latvian","21":"tag-latviesu","22":"tag-latviesu-valoda","23":"tag-latviesuvaloda","24":"tag-latvija","25":"tag-lv","26":"tag-news","27":"tag-nodarbinatibas-valsts-agentura","28":"tag-popularakas-zinas","29":"tag-popularakaszinas","30":"tag-riga","31":"tag-top-stories","32":"tag-topstories","33":"tag-zinas"},"share_on_mastodon":{"url":"","error":""},"_links":{"self":[{"href":"https:\/\/www.europesays.com\/lv\/wp-json\/wp\/v2\/posts\/11402","targetHints":{"allow":["GET"]}}],"collection":[{"href":"https:\/\/www.europesays.com\/lv\/wp-json\/wp\/v2\/posts"}],"about":[{"href":"https:\/\/www.europesays.com\/lv\/wp-json\/wp\/v2\/types\/post"}],"author":[{"embeddable":true,"href":"https:\/\/www.europesays.com\/lv\/wp-json\/wp\/v2\/users\/2"}],"replies":[{"embeddable":true,"href":"https:\/\/www.europesays.com\/lv\/wp-json\/wp\/v2\/comments?post=11402"}],"version-history":[{"count":0,"href":"https:\/\/www.europesays.com\/lv\/wp-json\/wp\/v2\/posts\/11402\/revisions"}],"wp:featuredmedia":[{"embeddable":true,"href":"https:\/\/www.europesays.com\/lv\/wp-json\/wp\/v2\/media\/11403"}],"wp:attachment":[{"href":"https:\/\/www.europesays.com\/lv\/wp-json\/wp\/v2\/media?parent=11402"}],"wp:term":[{"taxonomy":"category","embeddable":true,"href":"https:\/\/www.europesays.com\/lv\/wp-json\/wp\/v2\/categories?post=11402"},{"taxonomy":"post_tag","embeddable":true,"href":"https:\/\/www.europesays.com\/lv\/wp-json\/wp\/v2\/tags?post=11402"}],"curies":[{"name":"wp","href":"https:\/\/api.w.org\/{rel}","templated":true}]}}