{"id":114070,"date":"2026-01-26T12:21:08","date_gmt":"2026-01-26T12:21:08","guid":{"rendered":"https:\/\/www.europesays.com\/lv\/114070\/"},"modified":"2026-01-26T12:21:08","modified_gmt":"2026-01-26T12:21:08","slug":"riga-vares-aplukot-reto-madernieka-vazi-kuras-lidzinieci-nesen-kramu-tirgu-iegadajas-kads-amerikanis","status":"publish","type":"post","link":"https:\/\/www.europesays.com\/lv\/114070\/","title":{"rendered":"R\u012bg\u0101 var\u0113s apl\u016bkot reto Madernieka v\u0101zi, kuras l\u012bdzinieci nesen kr\u0101mu tirg\u016b ieg\u0101d\u0101j\u0101s k\u0101ds amerik\u0101nis"},"content":{"rendered":"<p>Fotoatt\u0113li liecina, ka v\u0101ze atradusies Brigaderes dz\u012bvesviet\u0101 1929. gad\u0101. P\u0113c autores n\u0101ves t\u0101 nodota muzeja kolekcijai.<\/p>\n<p>Muzej\u0101 uzsver, ka v\u0101ze ir liels retums, jo izgatavota porcel\u0101na apglezno\u0161anas darbn\u012bc\u0101 &#8220;Burtnieks&#8221;, kura darbojusies vien desmit gadus &#8211; no 1929. gada l\u012bdz 1939. gadam. Pa\u0161laik ir zin\u0101mi vien tr\u012bs \u0161\u0101das v\u0101zes eksempl\u0101ri.<\/p>\n<p><img decoding=\"async\" class=\"figure__image\" onclick=\"triggerEvent('articleImageClick', { id: 17405358, focus: 'single-image', focusIndex: '17405358' })\" onkeydown=\"if (event.key === 'Enter') {&#10;        triggerEvent('articleImageClick', { id: 17405358, focus: 'single-image', focusIndex: '17405358' })&#10;        }\" role=\"button\" tabindex=\"0\" data-focus-from=\"single-image\" data-focus-index=\"17405358\" src=\"https:\/\/www.europesays.com\/lv\/wp-content\/uploads\/2026\/01\/17405358t1h4099.jpg\"  onload=\"this.parentElement.classList.remove('figure__image-loading')\" alt=\".\"\/>. Foto: Latvijas Nacion\u0101lais rakstniec\u012bbas un m\u016bzikas muzejs (LNRMM)<\/p>\n<p>V\u0101zi iesp\u0113jams apl\u016bkot LNRMM las\u012btav\u0101 Pulka iel\u0101 8, R\u012bg\u0101. Tur iesp\u0113jams bezmaksas apskat\u012bt ar\u012b izst\u0101di &#8220;M\u0113rnieku laiki. Nepabeigts scen\u0101rijs tre\u0161ajai ekraniz\u0101cijai&#8221;. Savuk\u0101rt past\u0101v\u012bgo ekspoz\u012bciju &#8220;Prokrastin\u0101cija un rad\u012b\u0161ana&#8221; var apskat\u012bt M\u0101rsta\u013cu iel\u0101 6, R\u012bg\u0101.<\/p>\n<p>A\u0123ent\u016bra LETA jau v\u0113st\u012bja, ka nesen amerik\u0101nis Lorenss Rejs <a href=\"https:\/\/www.apollo.lv\/term\/555410\/asv\" class=\"topicLink\" target=\"_blank\" rel=\"nofollow noopener\">ASV<\/a> pils\u0113t\u0101 Kolumbus\u0101 kr\u0101mu veikal\u0101 ieg\u0101d\u0101j\u0101s Madernieka v\u0101zi par nepilniem tr\u012bs dol\u0101riem.<\/p>\n<p>Dekorat\u012bv\u0101s m\u0101kslas un dizaina muzeja vad\u012bt\u0101ja Inese Baranovska a\u0123ent\u016brai LETA iepriek\u0161 st\u0101st\u012bja, ka muzejam nav finans\u0113juma m\u0101kslinieka v\u0101zes ieg\u0101dei no ASV, tom\u0113r past\u0101v cer\u012bba, ka to var\u0113tu ieg\u0101d\u0101ties k\u0101ds Latvijas kolekcion\u0101rs, ar kuru muzejs var\u0113tu sadarboties, vai ar\u012b v\u0101zi var\u0113tu depon\u0113t no LNRMM.<\/p>\n<p>\u0160obr\u012bd v\u0113l viena Madernieka v\u0101ze ir Krievijas miljardiera Pjotra Avena kolekcij\u0101.<\/p>\n","protected":false},"excerpt":{"rendered":"Fotoatt\u0113li liecina, ka v\u0101ze atradusies Brigaderes dz\u012bvesviet\u0101 1929. gad\u0101. P\u0113c autores n\u0101ves t\u0101 nodota muzeja kolekcijai. Muzej\u0101 uzsver,&hellip;\n","protected":false},"author":2,"featured_media":114071,"comment_status":"","ping_status":"","sticky":false,"template":"","format":"standard","meta":{"footnotes":""},"categories":[12],"tags":[23,26609,292,28,29,32,33,22,30,31,35,39,38,36,37,34,7580,40,2286,20,26,27,24,25,293,21],"class_list":{"0":"post-114070","1":"post","2":"type-post","3":"status-publish","4":"format-standard","5":"has-post-thumbnail","7":"category-latvija","8":"tag-aktualitates","9":"tag-anna-brigadere","10":"tag-asv","11":"tag-breaking-news","12":"tag-breakingnews","13":"tag-featured-news","14":"tag-featurednews","15":"tag-headlines","16":"tag-latest-news","17":"tag-latestnews","18":"tag-latvia","19":"tag-latvian","20":"tag-latviesu","21":"tag-latviesu-valoda","22":"tag-latviesuvaloda","23":"tag-latvija","24":"tag-latvijas-vesture","25":"tag-lv","26":"tag-maksla","27":"tag-news","28":"tag-popularakas-zinas","29":"tag-popularakaszinas","30":"tag-top-stories","31":"tag-topstories","32":"tag-vesture","33":"tag-zinas"},"share_on_mastodon":{"url":"https:\/\/pubeurope.com\/@lv\/115961376553469638","error":""},"_links":{"self":[{"href":"https:\/\/www.europesays.com\/lv\/wp-json\/wp\/v2\/posts\/114070","targetHints":{"allow":["GET"]}}],"collection":[{"href":"https:\/\/www.europesays.com\/lv\/wp-json\/wp\/v2\/posts"}],"about":[{"href":"https:\/\/www.europesays.com\/lv\/wp-json\/wp\/v2\/types\/post"}],"author":[{"embeddable":true,"href":"https:\/\/www.europesays.com\/lv\/wp-json\/wp\/v2\/users\/2"}],"replies":[{"embeddable":true,"href":"https:\/\/www.europesays.com\/lv\/wp-json\/wp\/v2\/comments?post=114070"}],"version-history":[{"count":0,"href":"https:\/\/www.europesays.com\/lv\/wp-json\/wp\/v2\/posts\/114070\/revisions"}],"wp:featuredmedia":[{"embeddable":true,"href":"https:\/\/www.europesays.com\/lv\/wp-json\/wp\/v2\/media\/114071"}],"wp:attachment":[{"href":"https:\/\/www.europesays.com\/lv\/wp-json\/wp\/v2\/media?parent=114070"}],"wp:term":[{"taxonomy":"category","embeddable":true,"href":"https:\/\/www.europesays.com\/lv\/wp-json\/wp\/v2\/categories?post=114070"},{"taxonomy":"post_tag","embeddable":true,"href":"https:\/\/www.europesays.com\/lv\/wp-json\/wp\/v2\/tags?post=114070"}],"curies":[{"name":"wp","href":"https:\/\/api.w.org\/{rel}","templated":true}]}}