{"id":114080,"date":"2026-01-26T12:28:08","date_gmt":"2026-01-26T12:28:08","guid":{"rendered":"https:\/\/www.europesays.com\/lv\/114080\/"},"modified":"2026-01-26T12:28:08","modified_gmt":"2026-01-26T12:28:08","slug":"pec-krievijas-uzbrukumiem-daudzviet-kijiva-jadzivo-skarbos-apstaklos","status":"publish","type":"post","link":"https:\/\/www.europesays.com\/lv\/114080\/","title":{"rendered":"p\u0113c Krievijas uzbrukumiem daudzviet Kijiv\u0101 j\u0101dz\u012bvo skarbos apst\u0101k\u013cos"},"content":{"rendered":"<p>Kijivas m\u0113rs Vit\u0101lijs K\u013ci\u010dko sv\u0113tdien pazi\u0146oja, ka apkure joproj\u0101m nav pieejama vair\u0101k nek\u0101 1300 daudzdz\u012bvok\u013cu \u0113k\u0101s Kijiv\u0101.<\/p>\n<p>Sestdien <a href=\"https:\/\/www.tvnet.lv\/term\/555452\/krievija\" class=\"topicLink\" target=\"_blank\" rel=\"nofollow noopener\">Krievija<\/a> veica v\u0113rien\u012bgu uzbrukumu, kas bija m\u0113r\u0137\u0113ts tie\u0161i pret Ukrainas ener\u0123\u0113tikas sist\u0113mu. T\u0101 rezult\u0101t\u0101 Kijiv\u0101, kur termometra stabi\u0146\u0161 bija nosl\u012bd\u0113jis zem nulles, bez elektroener\u0123ijas palika 1,2 miljoni m\u0101jsaimniec\u012bbu. Uzbrukums Kijivai notika vienlaikus ar ukrai\u0146u, krievu un amerik\u0101\u0146u deleg\u0101cijas tik\u0161anos Ab\u016b Dab\u012b, kur tika diskut\u0113ts par miera vieno\u0161anos.<\/p>\n<p>Sestdien un sv\u0113tdien atbild\u012bgie dienesti atjaunoja apkuri un elektr\u012bbu t\u016bksto\u0161iem dz\u012bvojamo \u0113ku.<\/p>\n<p>&#8220;Krievijas galvenie m\u0113r\u0137i tagad ir m\u016bsu ener\u0123\u0113tikas sektors, kritisk\u0101 infrastrukt\u016bra un dz\u012bvojam\u0101s \u0113kas,&#8221; soci\u0101lajos t\u012bklos pazi\u0146oja Ukrainas prezidents Volodmirs Zelenskis.<\/p>\n<p>Aizvad\u012btaj\u0101 ned\u0113\u013c\u0101 Krievija uz Ukrainu raid\u012bjusi 1700 kaujas dronus, vair\u0101k nek\u0101 1380 vad\u0101m\u0101s avi\u0101cijas bumbas un 69 ra\u0137etes, nor\u0101d\u012bja Zelenskis.<\/p>\n<p>K\u0101 nor\u0101da raidorganiz\u0101cija NPR, Krievija l\u012bdz\u012bgus uzbrukumus Ukrainas ener\u0123\u0113tikas sist\u0113mai veica 9. un 20. janv\u0101r\u012b. Daudzu Kijivas iedz\u012bvot\u0101ju m\u0101j\u0101s tikai nesen bija atjaunota apkure un elektroener\u0123ija.<\/p>\n","protected":false},"excerpt":{"rendered":"Kijivas m\u0113rs Vit\u0101lijs K\u013ci\u010dko sv\u0113tdien pazi\u0146oja, ka apkure joproj\u0101m nav pieejama vair\u0101k nek\u0101 1300 daudzdz\u012bvok\u013cu \u0113k\u0101s Kijiv\u0101. Sestdien&hellip;\n","protected":false},"author":2,"featured_media":114081,"comment_status":"","ping_status":"","sticky":false,"template":"","format":"standard","meta":{"footnotes":""},"categories":[5],"tags":[23,3700,28,29,32,33,22,210,234,74,30,31,35,39,38,36,37,34,40,20,26,27,24,25,276,26610,178,21],"class_list":{"0":"post-114080","1":"post","2":"type-post","3":"status-publish","4":"format-standard","5":"has-post-thumbnail","7":"category-aktualitates","8":"tag-aktualitates","9":"tag-autoritarisma-ena-par-eiropu","10":"tag-breaking-news","11":"tag-breakingnews","12":"tag-featured-news","13":"tag-featurednews","14":"tag-headlines","15":"tag-kijiva","16":"tag-krievija","17":"tag-krievijas-iebrukums-ukraina","18":"tag-latest-news","19":"tag-latestnews","20":"tag-latvia","21":"tag-latvian","22":"tag-latviesu","23":"tag-latviesu-valoda","24":"tag-latviesuvaloda","25":"tag-latvija","26":"tag-lv","27":"tag-news","28":"tag-popularakas-zinas","29":"tag-popularakaszinas","30":"tag-top-stories","31":"tag-topstories","32":"tag-ukraina","33":"tag-vitalijs-klicko","34":"tag-volodimirs-zelenskis","35":"tag-zinas"},"share_on_mastodon":{"url":"https:\/\/pubeurope.com\/@lv\/115961403981058993","error":""},"_links":{"self":[{"href":"https:\/\/www.europesays.com\/lv\/wp-json\/wp\/v2\/posts\/114080","targetHints":{"allow":["GET"]}}],"collection":[{"href":"https:\/\/www.europesays.com\/lv\/wp-json\/wp\/v2\/posts"}],"about":[{"href":"https:\/\/www.europesays.com\/lv\/wp-json\/wp\/v2\/types\/post"}],"author":[{"embeddable":true,"href":"https:\/\/www.europesays.com\/lv\/wp-json\/wp\/v2\/users\/2"}],"replies":[{"embeddable":true,"href":"https:\/\/www.europesays.com\/lv\/wp-json\/wp\/v2\/comments?post=114080"}],"version-history":[{"count":0,"href":"https:\/\/www.europesays.com\/lv\/wp-json\/wp\/v2\/posts\/114080\/revisions"}],"wp:featuredmedia":[{"embeddable":true,"href":"https:\/\/www.europesays.com\/lv\/wp-json\/wp\/v2\/media\/114081"}],"wp:attachment":[{"href":"https:\/\/www.europesays.com\/lv\/wp-json\/wp\/v2\/media?parent=114080"}],"wp:term":[{"taxonomy":"category","embeddable":true,"href":"https:\/\/www.europesays.com\/lv\/wp-json\/wp\/v2\/categories?post=114080"},{"taxonomy":"post_tag","embeddable":true,"href":"https:\/\/www.europesays.com\/lv\/wp-json\/wp\/v2\/tags?post=114080"}],"curies":[{"name":"wp","href":"https:\/\/api.w.org\/{rel}","templated":true}]}}